{"id":15867,"date":"2022-09-04T12:39:43","date_gmt":"2022-09-04T11:39:43","guid":{"rendered":"https:\/\/quike.it\/es\/?p=15867"},"modified":"2022-09-04T13:48:23","modified_gmt":"2022-09-04T12:48:23","slug":"anuncios-y-el-nuevo-diseno-del-menu-inicio-de-windows-11","status":"publish","type":"post","link":"https:\/\/quike.it\/es\/anuncios-y-el-nuevo-diseno-del-menu-inicio-de-windows-11\/","title":{"rendered":"Anuncios y el Nuevo Dise\u00f1o del men\u00fa Inicio de Windows 11"},"content":{"rendered":"\t\t<div data-elementor-type=\"wp-post\" data-elementor-id=\"15867\" class=\"elementor elementor-15867\" data-elementor-post-type=\"post\">\n\t\t\t\t\t\t<section class=\"elementor-section elementor-top-section elementor-element elementor-element-5e0ee8a elementor-section-boxed elementor-section-height-default elementor-section-height-default\" data-id=\"5e0ee8a\" data-element_type=\"section\" data-e-type=\"section\">\n\t\t\t\t\t\t<div class=\"elementor-container elementor-column-gap-default\">\n\t\t\t\t\t<div class=\"elementor-column elementor-col-100 elementor-top-column elementor-element elementor-element-d59f5a3\" data-id=\"d59f5a3\" data-element_type=\"column\" data-e-type=\"column\">\n\t\t\t<div class=\"elementor-widget-wrap elementor-element-populated\">\n\t\t\t\t\t\t<div class=\"elementor-element elementor-element-8cc28a1 elementor-widget elementor-widget-text-editor\" data-id=\"8cc28a1\" data-element_type=\"widget\" data-e-type=\"widget\" data-widget_type=\"text-editor.default\">\n\t\t\t\t\t\t\t\t\t<p>Al igual que <a href=\"https:\/\/es.wikipedia.org\/wiki\/Windows_8\" target=\"_blank\" rel=\"noopener\"><strong>Windows 8<\/strong><\/a>, <strong>Windows 11<\/strong> tambi\u00e9n cambi\u00f3 dr\u00e1sticamente el dise\u00f1o del <strong>men\u00fa Inicio<\/strong>.<\/p><p>El nuevo <strong>men\u00fa Inicio<\/strong> elimin\u00f3 la compatibilidad con <strong><em>iconos din\u00e1micos<\/em><\/strong> a favor de <em><strong>iconos est\u00e1ticos<\/strong><\/em> y ya no se pueden personalizar.<\/p><p>El nuevo <em><strong>men\u00fa Inicio<\/strong><\/em>\u00a0<b><i>de Windows<\/i><\/b> no es tan atractivo como el <em><strong>Men\u00fa<\/strong> <strong>Inicio<\/strong><\/em> basado en <em><strong>iconos din\u00e1micos<\/strong><\/em>\u00a0de <strong>Windows 10<\/strong>, y ha tenido comentarios, tanto positivos como negativos.<\/p><p>El <em><strong>men\u00fa Inicio<\/strong><\/em> ahora est\u00e1 ubicado en el medio de la <em><strong>barra de tareas<\/strong><\/em> y tambi\u00e9n viene con una <em><strong>barra de b\u00fasqueda<\/strong><\/em> en la parte superior.<\/p><p>Cuando hace clic en la <em><strong>barra de b\u00fasqueda<\/strong><\/em>, <em><strong>Windows 11<\/strong><\/em> cambia autom\u00e1ticamente a la interfaz de <em><strong>b\u00fasqueda de Windows<\/strong><\/em> y muestra los resultados de ambas aplicaciones, archivos e im\u00e1genes locales, as\u00ed como sugerencias web de <em><strong>Bing.<\/strong><\/em><\/p><p>Aparentemente, <em><strong>Windows 11<\/strong><\/em> ahora muestra anuncios dentro de los resultados de b\u00fasqueda que intentan persuadir a las personas para que sigan usando <em><strong>Microsoft Edge<\/strong><\/em> cuando intentan descargar <a href=\"https:\/\/es.wikipedia.org\/wiki\/Google_Chrome\" target=\"_blank\" rel=\"noopener\"><em><strong>Chrome.<\/strong><\/em><\/a><\/p><p>Este es otra forma de promocionar <em><strong>Microsoft Edge<\/strong><\/em> de <em><strong>Windows 11<\/strong><\/em>, lo que podr\u00eda irritar a las personas ya que estos anuncios aparentemente se est\u00e1n convirtiendo en parte de la interfaz de usuario principal.<\/p>\t\t\t\t\t\t\t\t<\/div>\n\t\t\t\t<div class=\"elementor-element elementor-element-68b2f3c elementor-widget elementor-widget-image\" data-id=\"68b2f3c\" data-element_type=\"widget\" data-e-type=\"widget\" data-widget_type=\"image.default\">\n\t\t\t\t\t\t\t\t\t\t\t\t\t\t\t\t<a href=\"https:\/\/quike.it\/es\/wp-content\/uploads\/sites\/3\/2022\/09\/Windows-11-Start-menu-interface1.jpg\" data-elementor-open-lightbox=\"yes\" data-elementor-lightbox-title=\"Windows-11-Start-menu-interface(1)\" data-e-action-hash=\"#elementor-action%3Aaction%3Dlightbox%26settings%3DeyJpZCI6MTU4NjksInVybCI6Imh0dHBzOlwvXC9xdWlrZS5pdFwvZXNcL3dwLWNvbnRlbnRcL3VwbG9hZHNcL3NpdGVzXC8zXC8yMDIyXC8wOVwvV2luZG93cy0xMS1TdGFydC1tZW51LWludGVyZmFjZTEuanBnIn0%3D\">\n\t\t\t\t\t\t\t<img fetchpriority=\"high\" decoding=\"async\" width=\"1087\" height=\"825\" src=\"https:\/\/quike.it\/es\/wp-content\/uploads\/sites\/3\/2022\/09\/Windows-11-Start-menu-interface1.jpg\" class=\"attachment-full size-full wp-image-15869\" alt=\"\" srcset=\"https:\/\/quike.it\/es\/wp-content\/uploads\/sites\/3\/2022\/09\/Windows-11-Start-menu-interface1.jpg 1087w, https:\/\/quike.it\/es\/wp-content\/uploads\/sites\/3\/2022\/09\/Windows-11-Start-menu-interface1-300x228.jpg 300w, https:\/\/quike.it\/es\/wp-content\/uploads\/sites\/3\/2022\/09\/Windows-11-Start-menu-interface1-1024x777.jpg 1024w, https:\/\/quike.it\/es\/wp-content\/uploads\/sites\/3\/2022\/09\/Windows-11-Start-menu-interface1-768x583.jpg 768w\" sizes=\"(max-width: 1087px) 100vw, 1087px\" \/>\t\t\t\t\t\t\t\t<\/a>\n\t\t\t\t\t\t\t\t\t\t\t\t\t\t\t<\/div>\n\t\t\t\t\t<\/div>\n\t\t<\/div>\n\t\t\t\t\t<\/div>\n\t\t<\/section>\n\t\t\t\t<section class=\"elementor-section elementor-top-section elementor-element elementor-element-585bf6b elementor-section-boxed elementor-section-height-default elementor-section-height-default\" data-id=\"585bf6b\" data-element_type=\"section\" data-e-type=\"section\">\n\t\t\t\t\t\t<div class=\"elementor-container elementor-column-gap-default\">\n\t\t\t\t\t<div class=\"elementor-column elementor-col-100 elementor-top-column elementor-element elementor-element-1e71c85\" data-id=\"1e71c85\" data-element_type=\"column\" data-e-type=\"column\">\n\t\t\t<div class=\"elementor-widget-wrap elementor-element-populated\">\n\t\t\t\t\t\t<div class=\"elementor-element elementor-element-025dc26 elementor-widget elementor-widget-text-editor\" data-id=\"025dc26\" data-element_type=\"widget\" data-e-type=\"widget\" data-widget_type=\"text-editor.default\">\n\t\t\t\t\t\t\t\t\t<p>Si se busca <a href=\"https:\/\/es.wikipedia.org\/wiki\/Google_Chrome\" target=\"_blank\" rel=\"noopener\"><em><strong>Chrome<\/strong><\/em><\/a> o <a href=\"https:\/\/es.wikipedia.org\/wiki\/Mozilla_Firefox\" target=\"_blank\" rel=\"noopener\"><em><strong>Firefox,<\/strong><\/em><\/a> ver\u00e1 un anuncio en el panel que aparece en el lado derecho. <em><strong>Microsoft<\/strong><\/em> apunta a dos palabras clave: <em><strong>Chrome<\/strong><\/em> y <em><strong>Firefox.<\/strong><\/em><\/p><p>Por alguna raz\u00f3n, el mismo anuncio no aparecer\u00e1 cuando busque <strong><em><a href=\"https:\/\/es.wikipedia.org\/wiki\/Opera_(navegador)\" target=\"_blank\" rel=\"noopener\">Opera,<\/a> <a href=\"https:\/\/quike.it\/es\/brave-un-navegador-web-nada-mal\/\" target=\"_blank\" rel=\"noopener\">Brave,<\/a> <a href=\"https:\/\/es.wikipedia.org\/wiki\/Vivaldi_(navegador)\" target=\"_blank\" rel=\"noopener\">Vivaldi<\/a><\/em><\/strong> y otros <strong>navegadores web<\/strong>.<\/p><p><strong>Jensen Harris<\/strong>, cofundador de <strong>Textio<\/strong> y ex dise\u00f1ador de <em><strong>Microsoft<\/strong><\/em> <strong>Office,<\/strong> se dirigi\u00f3 a <strong>Twitter<\/strong> para <a href=\"https:\/\/twitter.com\/jensenharris\/status\/1564399431545667585\/\" target=\"_blank\" rel=\"noopener\"><em><strong>expresar su decepci\u00f3n<\/strong><\/em><\/a> por las opciones de dise\u00f1o de <strong>Microsoft.<\/strong><\/p><p>En una serie de tuits, <em><strong>Harris<\/strong><\/em> explic\u00f3 c\u00f3mo <em><strong>Windows 11<\/strong><\/em> no puede ofrecer la funcionalidad de <em><strong>men\u00fa de inicio<\/strong><\/em> que todos esperamos.<\/p><blockquote><p>\u00bfQu\u00e9 est\u00e1 pasando con el banner publicitario de la era Web 1.0 Geocities para una \u201caplicaci\u00f3n Bing Wallpaper\u201d? Honestamente, parece que estaba infectado por un virus. El texto est\u00e1 desalineado y est\u00e1 sobre un fondo de la era de Windows Vista.<\/p><\/blockquote><p>\u00a0<\/p><blockquote><p>El dise\u00f1o importa. Los detalles importan. Especialmente en una interfaz de usuario tan ic\u00f3nica como el men\u00fa Inicio de Windows. Recuerdo que el equipo cre\u00f3 una ligadura especial en la fuente Segoe UI (usada en Windows) para hacer que la \u00abS\u00bb y la \u00abt\u00bb se alinearan maravillosamente para la palabra \u00abStart\u00bb. As\u00ed de importante fue <em><strong>Start<\/strong><\/em> para Microsoft\u00a0<\/p><\/blockquote><p style=\"text-align: right;\"><em><strong>Jensen Harris.<\/strong><\/em><\/p><p>El ex ingeniero de <strong>Windows<\/strong> tambi\u00e9n tiene algunas quejas sobre los anuncios de la aplicaci\u00f3n <em><strong>&#8216;Bing wallpaper&#8217;<\/strong><\/em> dentro del panel <em><strong>Inicio\/Buscar,<\/strong><\/em> y c\u00f3mo algunas \u00e1reas del <em><strong>sistema operativo<\/strong><\/em> usan esquinas redondeadas y bordes afilados.<\/p>\t\t\t\t\t\t\t\t<\/div>\n\t\t\t\t\t<\/div>\n\t\t<\/div>\n\t\t\t\t\t<\/div>\n\t\t<\/section>\n\t\t\t\t<section class=\"elementor-section elementor-top-section elementor-element elementor-element-47c904e elementor-section-boxed elementor-section-height-default elementor-section-height-default\" data-id=\"47c904e\" data-element_type=\"section\" data-e-type=\"section\">\n\t\t\t\t\t\t<div class=\"elementor-container elementor-column-gap-default\">\n\t\t\t\t\t<div class=\"elementor-column elementor-col-50 elementor-top-column elementor-element elementor-element-606b8a6\" data-id=\"606b8a6\" data-element_type=\"column\" data-e-type=\"column\">\n\t\t\t<div class=\"elementor-widget-wrap elementor-element-populated\">\n\t\t\t\t\t\t<div class=\"elementor-element elementor-element-c981251 elementor-widget elementor-widget-image\" data-id=\"c981251\" data-element_type=\"widget\" data-e-type=\"widget\" data-widget_type=\"image.default\">\n\t\t\t\t\t\t\t\t\t\t\t\t\t\t\t<img decoding=\"async\" width=\"654\" height=\"618\" src=\"https:\/\/quike.it\/es\/wp-content\/uploads\/sites\/3\/2022\/09\/Start-Menu-rounded-corners.jpg\" class=\"attachment-large size-large wp-image-15870\" alt=\"\" srcset=\"https:\/\/quike.it\/es\/wp-content\/uploads\/sites\/3\/2022\/09\/Start-Menu-rounded-corners.jpg 654w, https:\/\/quike.it\/es\/wp-content\/uploads\/sites\/3\/2022\/09\/Start-Menu-rounded-corners-300x283.jpg 300w\" sizes=\"(max-width: 654px) 100vw, 654px\" \/>\t\t\t\t\t\t\t\t\t\t\t\t\t\t\t<\/div>\n\t\t\t\t\t<\/div>\n\t\t<\/div>\n\t\t\t\t<div class=\"elementor-column elementor-col-50 elementor-top-column elementor-element elementor-element-709c6b3\" data-id=\"709c6b3\" data-element_type=\"column\" data-e-type=\"column\">\n\t\t\t<div class=\"elementor-widget-wrap elementor-element-populated\">\n\t\t\t\t\t\t<div class=\"elementor-element elementor-element-a24077e elementor-widget elementor-widget-text-editor\" data-id=\"a24077e\" data-element_type=\"widget\" data-e-type=\"widget\" data-widget_type=\"text-editor.default\">\n\t\t\t\t\t\t\t\t\t<p>El ex ingeniero de <em><strong>Windows<\/strong><\/em> comparti\u00f3 algunos ejemplos de problemas de coherencia de dise\u00f1o con el <em><strong>men\u00fa Inicio<\/strong><\/em>, como puede ver en la <a href=\"https:\/\/quike.it\/es\/como-hacer-la-captura-de-pantalla-en-windows\/\" target=\"_blank\" rel=\"noopener\"><em><strong>captura de pantalla<\/strong><\/em><\/a> anterior.<\/p>\t\t\t\t\t\t\t\t<\/div>\n\t\t\t\t\t<\/div>\n\t\t<\/div>\n\t\t\t\t\t<\/div>\n\t\t<\/section>\n\t\t\t\t<\/div>\n\t\t","protected":false},"excerpt":{"rendered":"<p>Al igual que Windows 8, Windows 11 tambi\u00e9n cambi\u00f3 dr\u00e1sticamente el dise\u00f1o del men\u00fa Inicio. El nuevo men\u00fa Inicio elimin\u00f3 la compatibilidad con iconos din\u00e1micos a favor de iconos est\u00e1ticos y ya no se pueden personalizar. El nuevo men\u00fa Inicio&nbsp;de Windows no es tan atractivo como el Men\u00fa Inicio basado en iconos din\u00e1micos&nbsp;de Windows 10, [&hellip;]<\/p>\n","protected":false},"author":2,"featured_media":7028,"comment_status":"open","ping_status":"open","sticky":false,"template":"","format":"standard","meta":{"_monsterinsights_skip_tracking":false,"_monsterinsights_sitenote_active":false,"_monsterinsights_sitenote_note":"","_monsterinsights_sitenote_category":0,"footnotes":""},"categories":[25,28,41],"tags":[],"class_list":["post-15867","post","type-post","status-publish","format-standard","has-post-thumbnail","hentry","category-sistemas-operativos","category-windows","category-windows-11"],"yoast_head":"<!-- This site is optimized with the Yoast SEO plugin v27.5 - https:\/\/yoast.com\/product\/yoast-seo-wordpress\/ -->\n<title>Anuncios y el Nuevo Dise\u00f1o del men\u00fa Inicio de Windows 11 -<\/title>\n<meta name=\"description\" content=\"El nuevo men\u00fa Inicio elimin\u00f3 la compatibilidad con iconos din\u00e1micos a favor de iconos est\u00e1ticos y ya no se pueden personalizar.\" \/>\n<meta name=\"robots\" content=\"index, follow, max-snippet:-1, max-image-preview:large, max-video-preview:-1\" \/>\n<link rel=\"canonical\" href=\"https:\/\/quike.it\/es\/anuncios-y-el-nuevo-diseno-del-menu-inicio-de-windows-11\/\" \/>\n<meta property=\"og:locale\" content=\"es_ES\" \/>\n<meta property=\"og:type\" content=\"article\" \/>\n<meta property=\"og:title\" content=\"Anuncios y el Nuevo Dise\u00f1o del men\u00fa Inicio de Windows 11\" \/>\n<meta property=\"og:description\" content=\"El nuevo men\u00fa Inicio elimin\u00f3 la compatibilidad con iconos din\u00e1micos a favor de iconos est\u00e1ticos y ya no se pueden personalizar.\" \/>\n<meta property=\"og:url\" content=\"https:\/\/quike.it\/es\/anuncios-y-el-nuevo-diseno-del-menu-inicio-de-windows-11\/\" \/>\n<meta property=\"og:site_name\" content=\"El BLOG de Enrique V\u00e1squez B.\" \/>\n<meta property=\"article:publisher\" content=\"https:\/\/www.facebook.com\/zeven.sa.1\" \/>\n<meta property=\"article:author\" content=\"https:\/\/www.facebook.com\/zeven.sa.1\" \/>\n<meta property=\"article:published_time\" content=\"2022-09-04T11:39:43+00:00\" \/>\n<meta property=\"article:modified_time\" content=\"2022-09-04T12:48:23+00:00\" \/>\n<meta property=\"og:image\" content=\"https:\/\/quike.it\/es\/wp-content\/uploads\/sites\/3\/2021\/06\/windows_111.png\" \/>\n\t<meta property=\"og:image:width\" content=\"747\" \/>\n\t<meta property=\"og:image:height\" content=\"420\" \/>\n\t<meta property=\"og:image:type\" content=\"image\/png\" \/>\n<meta name=\"author\" content=\"Enrique V\u00e1squez B.\" \/>\n<meta name=\"twitter:card\" content=\"summary_large_image\" \/>\n<meta name=\"twitter:title\" content=\"Anuncios y el Nuevo Dise\u00f1o del men\u00fa Inicio de Windows 11\" \/>\n<meta name=\"twitter:description\" content=\"El nuevo men\u00fa Inicio elimin\u00f3 la compatibilidad con iconos din\u00e1micos a favor de iconos est\u00e1ticos y ya no se pueden personalizar.\" \/>\n<meta name=\"twitter:image\" content=\"https:\/\/quike.it\/es\/wp-content\/uploads\/sites\/3\/2021\/06\/windows_111.png\" \/>\n<meta name=\"twitter:creator\" content=\"@quike1974\" \/>\n<meta name=\"twitter:site\" content=\"@quike1974\" \/>\n<meta name=\"twitter:label1\" content=\"Escrito por\" \/>\n\t<meta name=\"twitter:data1\" content=\"Enrique V\u00e1squez B.\" \/>\n\t<meta name=\"twitter:label2\" content=\"Tiempo de lectura\" \/>\n\t<meta name=\"twitter:data2\" content=\"3 minutos\" \/>\n<script type=\"application\/ld+json\" class=\"yoast-schema-graph\">{\"@context\":\"https:\\\/\\\/schema.org\",\"@graph\":[{\"@type\":\"Article\",\"@id\":\"https:\\\/\\\/quike.it\\\/es\\\/anuncios-y-el-nuevo-diseno-del-menu-inicio-de-windows-11\\\/#article\",\"isPartOf\":{\"@id\":\"https:\\\/\\\/quike.it\\\/es\\\/anuncios-y-el-nuevo-diseno-del-menu-inicio-de-windows-11\\\/\"},\"author\":{\"name\":\"Enrique V\u00e1squez B.\",\"@id\":\"https:\\\/\\\/quike.it\\\/es\\\/#\\\/schema\\\/person\\\/e53c62e8ab2e3f878e77d3a617483cc8\"},\"headline\":\"Anuncios y el Nuevo Dise\u00f1o del men\u00fa Inicio de Windows 11\",\"datePublished\":\"2022-09-04T11:39:43+00:00\",\"dateModified\":\"2022-09-04T12:48:23+00:00\",\"mainEntityOfPage\":{\"@id\":\"https:\\\/\\\/quike.it\\\/es\\\/anuncios-y-el-nuevo-diseno-del-menu-inicio-de-windows-11\\\/\"},\"wordCount\":477,\"commentCount\":0,\"publisher\":{\"@id\":\"https:\\\/\\\/quike.it\\\/es\\\/#\\\/schema\\\/person\\\/e53c62e8ab2e3f878e77d3a617483cc8\"},\"image\":{\"@id\":\"https:\\\/\\\/quike.it\\\/es\\\/anuncios-y-el-nuevo-diseno-del-menu-inicio-de-windows-11\\\/#primaryimage\"},\"thumbnailUrl\":\"https:\\\/\\\/quike.it\\\/es\\\/wp-content\\\/uploads\\\/sites\\\/3\\\/2021\\\/06\\\/windows_111.png\",\"articleSection\":[\"Sistemas Operativos\",\"Windows\",\"Windows 11\"],\"inLanguage\":\"es\",\"potentialAction\":[{\"@type\":\"CommentAction\",\"name\":\"Comment\",\"target\":[\"https:\\\/\\\/quike.it\\\/es\\\/anuncios-y-el-nuevo-diseno-del-menu-inicio-de-windows-11\\\/#respond\"]}]},{\"@type\":[\"WebPage\",\"ItemPage\"],\"@id\":\"https:\\\/\\\/quike.it\\\/es\\\/anuncios-y-el-nuevo-diseno-del-menu-inicio-de-windows-11\\\/\",\"url\":\"https:\\\/\\\/quike.it\\\/es\\\/anuncios-y-el-nuevo-diseno-del-menu-inicio-de-windows-11\\\/\",\"name\":\"Anuncios y el Nuevo Dise\u00f1o del men\u00fa Inicio de Windows 11 -\",\"isPartOf\":{\"@id\":\"https:\\\/\\\/quike.it\\\/es\\\/#website\"},\"primaryImageOfPage\":{\"@id\":\"https:\\\/\\\/quike.it\\\/es\\\/anuncios-y-el-nuevo-diseno-del-menu-inicio-de-windows-11\\\/#primaryimage\"},\"image\":{\"@id\":\"https:\\\/\\\/quike.it\\\/es\\\/anuncios-y-el-nuevo-diseno-del-menu-inicio-de-windows-11\\\/#primaryimage\"},\"thumbnailUrl\":\"https:\\\/\\\/quike.it\\\/es\\\/wp-content\\\/uploads\\\/sites\\\/3\\\/2021\\\/06\\\/windows_111.png\",\"datePublished\":\"2022-09-04T11:39:43+00:00\",\"dateModified\":\"2022-09-04T12:48:23+00:00\",\"description\":\"El nuevo men\u00fa Inicio elimin\u00f3 la compatibilidad con iconos din\u00e1micos a favor de iconos est\u00e1ticos y ya no se pueden personalizar.\",\"breadcrumb\":{\"@id\":\"https:\\\/\\\/quike.it\\\/es\\\/anuncios-y-el-nuevo-diseno-del-menu-inicio-de-windows-11\\\/#breadcrumb\"},\"inLanguage\":\"es\",\"potentialAction\":[{\"@type\":\"ReadAction\",\"target\":[\"https:\\\/\\\/quike.it\\\/es\\\/anuncios-y-el-nuevo-diseno-del-menu-inicio-de-windows-11\\\/\"]}]},{\"@type\":\"ImageObject\",\"inLanguage\":\"es\",\"@id\":\"https:\\\/\\\/quike.it\\\/es\\\/anuncios-y-el-nuevo-diseno-del-menu-inicio-de-windows-11\\\/#primaryimage\",\"url\":\"https:\\\/\\\/quike.it\\\/es\\\/wp-content\\\/uploads\\\/sites\\\/3\\\/2021\\\/06\\\/windows_111.png\",\"contentUrl\":\"https:\\\/\\\/quike.it\\\/es\\\/wp-content\\\/uploads\\\/sites\\\/3\\\/2021\\\/06\\\/windows_111.png\",\"width\":747,\"height\":420,\"caption\":\"windows 11\"},{\"@type\":\"BreadcrumbList\",\"@id\":\"https:\\\/\\\/quike.it\\\/es\\\/anuncios-y-el-nuevo-diseno-del-menu-inicio-de-windows-11\\\/#breadcrumb\",\"itemListElement\":[{\"@type\":\"ListItem\",\"position\":1,\"name\":\"Inicio\",\"item\":\"https:\\\/\\\/quike.it\\\/es\\\/\"},{\"@type\":\"ListItem\",\"position\":2,\"name\":\"Inform\u00e1tica\",\"item\":\"https:\\\/\\\/quike.it\\\/es\\\/category\\\/informatica\\\/\"},{\"@type\":\"ListItem\",\"position\":3,\"name\":\"Sistemas Operativos\",\"item\":\"https:\\\/\\\/quike.it\\\/es\\\/category\\\/informatica\\\/sistemas-operativos\\\/\"},{\"@type\":\"ListItem\",\"position\":4,\"name\":\"Windows\",\"item\":\"https:\\\/\\\/quike.it\\\/es\\\/category\\\/informatica\\\/sistemas-operativos\\\/windows\\\/\"},{\"@type\":\"ListItem\",\"position\":5,\"name\":\"Windows 11\",\"item\":\"https:\\\/\\\/quike.it\\\/es\\\/category\\\/informatica\\\/sistemas-operativos\\\/windows\\\/windows-11\\\/\"},{\"@type\":\"ListItem\",\"position\":6,\"name\":\"Anuncios y el Nuevo Dise\u00f1o del men\u00fa Inicio de Windows 11\"}]},{\"@type\":\"WebSite\",\"@id\":\"https:\\\/\\\/quike.it\\\/es\\\/#website\",\"url\":\"https:\\\/\\\/quike.it\\\/es\\\/\",\"name\":\"El BLOG de Enrique V\u00e1squez B.\",\"description\":\"\",\"publisher\":{\"@id\":\"https:\\\/\\\/quike.it\\\/es\\\/#\\\/schema\\\/person\\\/e53c62e8ab2e3f878e77d3a617483cc8\"},\"potentialAction\":[{\"@type\":\"SearchAction\",\"target\":{\"@type\":\"EntryPoint\",\"urlTemplate\":\"https:\\\/\\\/quike.it\\\/es\\\/?s={search_term_string}\"},\"query-input\":{\"@type\":\"PropertyValueSpecification\",\"valueRequired\":true,\"valueName\":\"search_term_string\"}}],\"inLanguage\":\"es\"},{\"@type\":[\"Person\",\"Organization\"],\"@id\":\"https:\\\/\\\/quike.it\\\/es\\\/#\\\/schema\\\/person\\\/e53c62e8ab2e3f878e77d3a617483cc8\",\"name\":\"Enrique V\u00e1squez B.\",\"image\":{\"@type\":\"ImageObject\",\"inLanguage\":\"es\",\"@id\":\"https:\\\/\\\/quike.it\\\/es\\\/wp-content\\\/uploads\\\/sites\\\/3\\\/2021\\\/02\\\/me.png\",\"url\":\"https:\\\/\\\/quike.it\\\/es\\\/wp-content\\\/uploads\\\/sites\\\/3\\\/2021\\\/02\\\/me.png\",\"contentUrl\":\"https:\\\/\\\/quike.it\\\/es\\\/wp-content\\\/uploads\\\/sites\\\/3\\\/2021\\\/02\\\/me.png\",\"width\":512,\"height\":512,\"caption\":\"Enrique V\u00e1squez B.\"},\"logo\":{\"@id\":\"https:\\\/\\\/quike.it\\\/es\\\/wp-content\\\/uploads\\\/sites\\\/3\\\/2021\\\/02\\\/me.png\"},\"description\":\"Programador desde 1988, con pasi\u00f3n por escribir art\u00edculos de todo tipo. Actualmente desarrolla para ZEVEN S.A. el Sistema de Facturaci\u00f3n Electr\u00f3nica. Ecuatoriano de nacimiento e italiano de residencia, escribe desde G\u00e9nova, ciudad que ha llegado a amar tanto como su natal Guayaquil. Padre de dos hijos que son su orgullo y esposo de una mujer excepcional.\",\"sameAs\":[\"https:\\\/\\\/quike.it\",\"https:\\\/\\\/www.facebook.com\\\/zeven.sa.1\",\"https:\\\/\\\/www.instagram.com\\\/quikev1974\",\"https:\\\/\\\/www.linkedin.com\\\/in\\\/carlos-enrique-vasquez-bautista-074893b\\\/\",\"https:\\\/\\\/x.com\\\/quike1974\"],\"url\":\"https:\\\/\\\/quike.it\\\/es\\\/author\\\/quike\\\/\"}]}<\/script>\n<!-- \/ Yoast SEO plugin. -->","yoast_head_json":{"title":"Anuncios y el Nuevo Dise\u00f1o del men\u00fa Inicio de Windows 11 -","description":"El nuevo men\u00fa Inicio elimin\u00f3 la compatibilidad con iconos din\u00e1micos a favor de iconos est\u00e1ticos y ya no se pueden personalizar.","robots":{"index":"index","follow":"follow","max-snippet":"max-snippet:-1","max-image-preview":"max-image-preview:large","max-video-preview":"max-video-preview:-1"},"canonical":"https:\/\/quike.it\/es\/anuncios-y-el-nuevo-diseno-del-menu-inicio-de-windows-11\/","og_locale":"es_ES","og_type":"article","og_title":"Anuncios y el Nuevo Dise\u00f1o del men\u00fa Inicio de Windows 11","og_description":"El nuevo men\u00fa Inicio elimin\u00f3 la compatibilidad con iconos din\u00e1micos a favor de iconos est\u00e1ticos y ya no se pueden personalizar.","og_url":"https:\/\/quike.it\/es\/anuncios-y-el-nuevo-diseno-del-menu-inicio-de-windows-11\/","og_site_name":"El BLOG de Enrique V\u00e1squez B.","article_publisher":"https:\/\/www.facebook.com\/zeven.sa.1","article_author":"https:\/\/www.facebook.com\/zeven.sa.1","article_published_time":"2022-09-04T11:39:43+00:00","article_modified_time":"2022-09-04T12:48:23+00:00","og_image":[{"width":747,"height":420,"url":"https:\/\/quike.it\/es\/wp-content\/uploads\/sites\/3\/2021\/06\/windows_111.png","type":"image\/png"}],"author":"Enrique V\u00e1squez B.","twitter_card":"summary_large_image","twitter_title":"Anuncios y el Nuevo Dise\u00f1o del men\u00fa Inicio de Windows 11","twitter_description":"El nuevo men\u00fa Inicio elimin\u00f3 la compatibilidad con iconos din\u00e1micos a favor de iconos est\u00e1ticos y ya no se pueden personalizar.","twitter_image":"https:\/\/quike.it\/es\/wp-content\/uploads\/sites\/3\/2021\/06\/windows_111.png","twitter_creator":"@quike1974","twitter_site":"@quike1974","twitter_misc":{"Escrito por":"Enrique V\u00e1squez B.","Tiempo de lectura":"3 minutos"},"schema":{"@context":"https:\/\/schema.org","@graph":[{"@type":"Article","@id":"https:\/\/quike.it\/es\/anuncios-y-el-nuevo-diseno-del-menu-inicio-de-windows-11\/#article","isPartOf":{"@id":"https:\/\/quike.it\/es\/anuncios-y-el-nuevo-diseno-del-menu-inicio-de-windows-11\/"},"author":{"name":"Enrique V\u00e1squez B.","@id":"https:\/\/quike.it\/es\/#\/schema\/person\/e53c62e8ab2e3f878e77d3a617483cc8"},"headline":"Anuncios y el Nuevo Dise\u00f1o del men\u00fa Inicio de Windows 11","datePublished":"2022-09-04T11:39:43+00:00","dateModified":"2022-09-04T12:48:23+00:00","mainEntityOfPage":{"@id":"https:\/\/quike.it\/es\/anuncios-y-el-nuevo-diseno-del-menu-inicio-de-windows-11\/"},"wordCount":477,"commentCount":0,"publisher":{"@id":"https:\/\/quike.it\/es\/#\/schema\/person\/e53c62e8ab2e3f878e77d3a617483cc8"},"image":{"@id":"https:\/\/quike.it\/es\/anuncios-y-el-nuevo-diseno-del-menu-inicio-de-windows-11\/#primaryimage"},"thumbnailUrl":"https:\/\/quike.it\/es\/wp-content\/uploads\/sites\/3\/2021\/06\/windows_111.png","articleSection":["Sistemas Operativos","Windows","Windows 11"],"inLanguage":"es","potentialAction":[{"@type":"CommentAction","name":"Comment","target":["https:\/\/quike.it\/es\/anuncios-y-el-nuevo-diseno-del-menu-inicio-de-windows-11\/#respond"]}]},{"@type":["WebPage","ItemPage"],"@id":"https:\/\/quike.it\/es\/anuncios-y-el-nuevo-diseno-del-menu-inicio-de-windows-11\/","url":"https:\/\/quike.it\/es\/anuncios-y-el-nuevo-diseno-del-menu-inicio-de-windows-11\/","name":"Anuncios y el Nuevo Dise\u00f1o del men\u00fa Inicio de Windows 11 -","isPartOf":{"@id":"https:\/\/quike.it\/es\/#website"},"primaryImageOfPage":{"@id":"https:\/\/quike.it\/es\/anuncios-y-el-nuevo-diseno-del-menu-inicio-de-windows-11\/#primaryimage"},"image":{"@id":"https:\/\/quike.it\/es\/anuncios-y-el-nuevo-diseno-del-menu-inicio-de-windows-11\/#primaryimage"},"thumbnailUrl":"https:\/\/quike.it\/es\/wp-content\/uploads\/sites\/3\/2021\/06\/windows_111.png","datePublished":"2022-09-04T11:39:43+00:00","dateModified":"2022-09-04T12:48:23+00:00","description":"El nuevo men\u00fa Inicio elimin\u00f3 la compatibilidad con iconos din\u00e1micos a favor de iconos est\u00e1ticos y ya no se pueden personalizar.","breadcrumb":{"@id":"https:\/\/quike.it\/es\/anuncios-y-el-nuevo-diseno-del-menu-inicio-de-windows-11\/#breadcrumb"},"inLanguage":"es","potentialAction":[{"@type":"ReadAction","target":["https:\/\/quike.it\/es\/anuncios-y-el-nuevo-diseno-del-menu-inicio-de-windows-11\/"]}]},{"@type":"ImageObject","inLanguage":"es","@id":"https:\/\/quike.it\/es\/anuncios-y-el-nuevo-diseno-del-menu-inicio-de-windows-11\/#primaryimage","url":"https:\/\/quike.it\/es\/wp-content\/uploads\/sites\/3\/2021\/06\/windows_111.png","contentUrl":"https:\/\/quike.it\/es\/wp-content\/uploads\/sites\/3\/2021\/06\/windows_111.png","width":747,"height":420,"caption":"windows 11"},{"@type":"BreadcrumbList","@id":"https:\/\/quike.it\/es\/anuncios-y-el-nuevo-diseno-del-menu-inicio-de-windows-11\/#breadcrumb","itemListElement":[{"@type":"ListItem","position":1,"name":"Inicio","item":"https:\/\/quike.it\/es\/"},{"@type":"ListItem","position":2,"name":"Inform\u00e1tica","item":"https:\/\/quike.it\/es\/category\/informatica\/"},{"@type":"ListItem","position":3,"name":"Sistemas Operativos","item":"https:\/\/quike.it\/es\/category\/informatica\/sistemas-operativos\/"},{"@type":"ListItem","position":4,"name":"Windows","item":"https:\/\/quike.it\/es\/category\/informatica\/sistemas-operativos\/windows\/"},{"@type":"ListItem","position":5,"name":"Windows 11","item":"https:\/\/quike.it\/es\/category\/informatica\/sistemas-operativos\/windows\/windows-11\/"},{"@type":"ListItem","position":6,"name":"Anuncios y el Nuevo Dise\u00f1o del men\u00fa Inicio de Windows 11"}]},{"@type":"WebSite","@id":"https:\/\/quike.it\/es\/#website","url":"https:\/\/quike.it\/es\/","name":"El BLOG de Enrique V\u00e1squez B.","description":"","publisher":{"@id":"https:\/\/quike.it\/es\/#\/schema\/person\/e53c62e8ab2e3f878e77d3a617483cc8"},"potentialAction":[{"@type":"SearchAction","target":{"@type":"EntryPoint","urlTemplate":"https:\/\/quike.it\/es\/?s={search_term_string}"},"query-input":{"@type":"PropertyValueSpecification","valueRequired":true,"valueName":"search_term_string"}}],"inLanguage":"es"},{"@type":["Person","Organization"],"@id":"https:\/\/quike.it\/es\/#\/schema\/person\/e53c62e8ab2e3f878e77d3a617483cc8","name":"Enrique V\u00e1squez B.","image":{"@type":"ImageObject","inLanguage":"es","@id":"https:\/\/quike.it\/es\/wp-content\/uploads\/sites\/3\/2021\/02\/me.png","url":"https:\/\/quike.it\/es\/wp-content\/uploads\/sites\/3\/2021\/02\/me.png","contentUrl":"https:\/\/quike.it\/es\/wp-content\/uploads\/sites\/3\/2021\/02\/me.png","width":512,"height":512,"caption":"Enrique V\u00e1squez B."},"logo":{"@id":"https:\/\/quike.it\/es\/wp-content\/uploads\/sites\/3\/2021\/02\/me.png"},"description":"Programador desde 1988, con pasi\u00f3n por escribir art\u00edculos de todo tipo. Actualmente desarrolla para ZEVEN S.A. el Sistema de Facturaci\u00f3n Electr\u00f3nica. Ecuatoriano de nacimiento e italiano de residencia, escribe desde G\u00e9nova, ciudad que ha llegado a amar tanto como su natal Guayaquil. Padre de dos hijos que son su orgullo y esposo de una mujer excepcional.","sameAs":["https:\/\/quike.it","https:\/\/www.facebook.com\/zeven.sa.1","https:\/\/www.instagram.com\/quikev1974","https:\/\/www.linkedin.com\/in\/carlos-enrique-vasquez-bautista-074893b\/","https:\/\/x.com\/quike1974"],"url":"https:\/\/quike.it\/es\/author\/quike\/"}]}},"_links":{"self":[{"href":"https:\/\/quike.it\/es\/wp-json\/wp\/v2\/posts\/15867","targetHints":{"allow":["GET"]}}],"collection":[{"href":"https:\/\/quike.it\/es\/wp-json\/wp\/v2\/posts"}],"about":[{"href":"https:\/\/quike.it\/es\/wp-json\/wp\/v2\/types\/post"}],"author":[{"embeddable":true,"href":"https:\/\/quike.it\/es\/wp-json\/wp\/v2\/users\/2"}],"replies":[{"embeddable":true,"href":"https:\/\/quike.it\/es\/wp-json\/wp\/v2\/comments?post=15867"}],"version-history":[{"count":8,"href":"https:\/\/quike.it\/es\/wp-json\/wp\/v2\/posts\/15867\/revisions"}],"predecessor-version":[{"id":15877,"href":"https:\/\/quike.it\/es\/wp-json\/wp\/v2\/posts\/15867\/revisions\/15877"}],"wp:featuredmedia":[{"embeddable":true,"href":"https:\/\/quike.it\/es\/wp-json\/wp\/v2\/media\/7028"}],"wp:attachment":[{"href":"https:\/\/quike.it\/es\/wp-json\/wp\/v2\/media?parent=15867"}],"wp:term":[{"taxonomy":"category","embeddable":true,"href":"https:\/\/quike.it\/es\/wp-json\/wp\/v2\/categories?post=15867"},{"taxonomy":"post_tag","embeddable":true,"href":"https:\/\/quike.it\/es\/wp-json\/wp\/v2\/tags?post=15867"}],"curies":[{"name":"wp","href":"https:\/\/api.w.org\/{rel}","templated":true}]}}