{"id":16376,"date":"2022-09-11T10:23:48","date_gmt":"2022-09-11T09:23:48","guid":{"rendered":"https:\/\/quike.it\/es\/?p=16376"},"modified":"2022-09-11T10:23:49","modified_gmt":"2022-09-11T09:23:49","slug":"problemas-con-windows-11-kb5016691","status":"publish","type":"post","link":"https:\/\/quike.it\/es\/problemas-con-windows-11-kb5016691\/","title":{"rendered":"Problemas con Windows 11 KB5016691"},"content":{"rendered":"\t\t<div data-elementor-type=\"wp-post\" data-elementor-id=\"16376\" class=\"elementor elementor-16376\" data-elementor-post-type=\"post\">\n\t\t\t\t\t\t<section class=\"elementor-section elementor-top-section elementor-element elementor-element-89d9fe4 elementor-section-boxed elementor-section-height-default elementor-section-height-default\" data-id=\"89d9fe4\" data-element_type=\"section\" data-e-type=\"section\">\n\t\t\t\t\t\t<div class=\"elementor-container elementor-column-gap-default\">\n\t\t\t\t\t<div class=\"elementor-column elementor-col-100 elementor-top-column elementor-element elementor-element-e46707d\" data-id=\"e46707d\" data-element_type=\"column\" data-e-type=\"column\">\n\t\t\t<div class=\"elementor-widget-wrap elementor-element-populated\">\n\t\t\t\t\t\t<div class=\"elementor-element elementor-element-032d019 elementor-widget elementor-widget-text-editor\" data-id=\"032d019\" data-element_type=\"widget\" data-e-type=\"widget\" data-widget_type=\"text-editor.default\">\n\t\t\t\t\t\t\t\t\tSi tienes problemas desde que actualizaste <strong>Windows 11<\/strong> con la \u00faltima actualizaciones acumulativas, no est\u00e1s solo. Muchos usuarios est\u00e1n experimentando <strong>Problemas con Windows 11 KB5016691<\/strong>.\n\nAunque la <strong>versi\u00f3n 22H2 de Windows 11<\/strong> est\u00e1 por llegar y se encuentra en desarrollo activo en comparaci\u00f3n con la <strong>versi\u00f3n 21H2<\/strong>, es posible que todav\u00eda tengas problemas en el dispositivo de producci\u00f3n.\t\t\t\t\t\t\t\t<\/div>\n\t\t\t\t<div class=\"elementor-element elementor-element-7905436 elementor-widget elementor-widget-image\" data-id=\"7905436\" data-element_type=\"widget\" data-e-type=\"widget\" data-widget_type=\"image.default\">\n\t\t\t\t\t\t\t\t\t\t\t\t\t\t\t<img fetchpriority=\"high\" decoding=\"async\" width=\"800\" height=\"444\" src=\"https:\/\/quike.it\/es\/wp-content\/uploads\/sites\/3\/2022\/09\/Windows-11-22H2-1024x568.jpg\" class=\"attachment-large size-large wp-image-15824\" alt=\"Windows 11 KB5016691\" srcset=\"https:\/\/quike.it\/es\/wp-content\/uploads\/sites\/3\/2022\/09\/Windows-11-22H2-1024x568.jpg 1024w, https:\/\/quike.it\/es\/wp-content\/uploads\/sites\/3\/2022\/09\/Windows-11-22H2-300x167.jpg 300w, https:\/\/quike.it\/es\/wp-content\/uploads\/sites\/3\/2022\/09\/Windows-11-22H2-768x426.jpg 768w, https:\/\/quike.it\/es\/wp-content\/uploads\/sites\/3\/2022\/09\/Windows-11-22H2-1536x853.jpg 1536w, https:\/\/quike.it\/es\/wp-content\/uploads\/sites\/3\/2022\/09\/Windows-11-22H2.jpg 1643w\" sizes=\"(max-width: 800px) 100vw, 800px\" \/>\t\t\t\t\t\t\t\t\t\t\t\t\t\t\t<\/div>\n\t\t\t\t<div class=\"elementor-element elementor-element-dae6f01 elementor-widget elementor-widget-text-editor\" data-id=\"dae6f01\" data-element_type=\"widget\" data-e-type=\"widget\" data-widget_type=\"text-editor.default\">\n\t\t\t\t\t\t\t\t\t<p>Al momento, la mayor\u00eda de los problemas de la <strong>versi\u00f3n 21H2 de Windows 11<\/strong> se han solucionado, pero a\u00fan aparecen algunos problemas en las actualizaciones acumulativas.<\/p><p><a href=\"https:\/\/quike.it\/es\/windows-11-kb5016691\/\"><strong>Windows 11 KB5016691<\/strong><\/a>, la actualizaci\u00f3n m\u00e1s reciente, podr\u00eda interrumpir el inicio de sesi\u00f3n en el escritorio y evitar que se puede acceder al dispositivo.<\/p>\t\t\t\t\t\t\t\t<\/div>\n\t\t\t\t<div class=\"elementor-element elementor-element-9ee43e9 elementor-widget elementor-widget-text-editor\" data-id=\"9ee43e9\" data-element_type=\"widget\" data-e-type=\"widget\" data-widget_type=\"text-editor.default\">\n\t\t\t\t\t\t\t\t\t<p>En una nueva actualizaci\u00f3n del <a href=\"https:\/\/support.microsoft.com\/es-es\/topic\/25-de-agosto-de-2022-versi%C3%B3n-preliminar-kb5016691-compilaci%C3%B3n-del-so-22000-918-59097044-915a-49a0-8870-49823236adbd\" target=\"_blank\" rel=\"noopener\"><strong>documento de soporte<\/strong><\/a>, <strong>Microsoft<\/strong> confirm\u00f3 vagamente que los dispositivos que dependen de la cuenta de <strong>Microsoft<\/strong> para iniciar sesi\u00f3n podr\u00edan tener problemas de inicio de sesi\u00f3n.<\/p><p>Este error afecta a los dispositivos en los que se ha agregado una nueva cuenta de <strong>Microsoft.<\/strong><\/p><p>Los usuarios no podr\u00e1n iniciar sesi\u00f3n durante un breve per\u00edodo de tiempo y, por lo general, sucede cuando reinicia el sistema o cierra la sesi\u00f3n.<\/p>\t\t\t\t\t\t\t\t<\/div>\n\t\t\t\t<div class=\"elementor-element elementor-element-d8b1831 elementor-widget elementor-widget-text-editor\" data-id=\"d8b1831\" data-element_type=\"widget\" data-e-type=\"widget\" data-widget_type=\"text-editor.default\">\n\t\t\t\t\t\t\t\t\t<p>Este error solo afecta a los dispositivos con cuentas de <strong>Microsoft<\/strong> (persona o empresa) y no tiene ning\u00fan impacto en las empresas que usan cuentas de dominio de <a href=\"https:\/\/es.wikipedia.org\/wiki\/Active_Directory\" target=\"_blank\" rel=\"noopener\"><strong>Active Directory<\/strong><\/a> o cuentas de <strong>Azure Active Directory<\/strong>.<\/p><p>Para solucionar el problema de inicio de sesi\u00f3n, solo es necesario esperar un par de minutos.<\/p><p>Cuando el dispositivo va en inactividad, luego, aparece la pantalla de bloqueo, y deber\u00eda poder iniciar sesi\u00f3n en modo normal.<\/p>\t\t\t\t\t\t\t\t<\/div>\n\t\t\t\t<div class=\"elementor-element elementor-element-6914ad7 elementor-widget elementor-widget-text-editor\" data-id=\"6914ad7\" data-element_type=\"widget\" data-e-type=\"widget\" data-widget_type=\"text-editor.default\">\n\t\t\t\t\t\t\t\t\t<p><strong>Microsoft<\/strong> tambi\u00e9n comenz\u00f3 a implementar un parche de emergencia para abordar estos <strong>problemas con Windows 11 KB5016691<\/strong>.<\/p><p>La actualizaci\u00f3n del lado del servidor puede tardar <strong>hasta 24 horas<\/strong> en propagarse autom\u00e1ticamente a los dispositivos de los consumidores, pero siempre puede reiniciar su sistema varias veces para aplicar r\u00e1pidamente. la revisi\u00f3n<\/p><p>Otro problema conocido afecta a <strong>XPS Viewer,<\/strong> donde la aplicaci\u00f3n no podr\u00e1 abrir documentos <strong>XML Paper Specification (XPS)<\/strong> en algunos idiomas distintos del ingl\u00e9s.<\/p><p>Esto incluye codificaciones de caracteres japoneses y chinos. <strong>Microsoft<\/strong> dice que el problema se nota en los archivos <strong>XML Paper Specification (XPS)<\/strong> y <strong>Open XML Paper Specification (OXPS)<\/strong>.<\/p><p>Sin embargo, no afecta a la mayor\u00eda de los usuarios dom\u00e9sticos, ya que la funci\u00f3n en s\u00ed ya est\u00e1 instalada de forma predeterminada.<\/p>\t\t\t\t\t\t\t\t<\/div>\n\t\t\t\t\t<\/div>\n\t\t<\/div>\n\t\t\t\t\t<\/div>\n\t\t<\/section>\n\t\t\t\t<\/div>\n\t\t","protected":false},"excerpt":{"rendered":"<p>Si tienes problemas desde que actualizaste Windows 11 con la \u00faltima actualizaciones acumulativas, no est\u00e1s solo. Muchos usuarios est\u00e1n experimentando Problemas con Windows 11 KB5016691. Aunque la versi\u00f3n 22H2 de Windows 11 est\u00e1 por llegar y se encuentra en desarrollo activo en comparaci\u00f3n con la versi\u00f3n 21H2, es posible que todav\u00eda tengas problemas en el [&hellip;]<\/p>\n","protected":false},"author":2,"featured_media":9466,"comment_status":"open","ping_status":"open","sticky":false,"template":"","format":"standard","meta":{"_monsterinsights_skip_tracking":false,"_monsterinsights_sitenote_active":false,"_monsterinsights_sitenote_note":"","_monsterinsights_sitenote_category":0,"footnotes":""},"categories":[25,28,41],"tags":[],"class_list":["post-16376","post","type-post","status-publish","format-standard","has-post-thumbnail","hentry","category-sistemas-operativos","category-windows","category-windows-11"],"yoast_head":"<!-- This site is optimized with the Yoast SEO plugin v27.5 - https:\/\/yoast.com\/product\/yoast-seo-wordpress\/ -->\n<title>Problemas con Windows 11 KB5016691 - Enrique V\u00e1squez - BLOG<\/title>\n<meta name=\"description\" content=\"Microsoft tambi\u00e9n comenz\u00f3 a implementar un parche de emergencia para abordar estos problemas con Windows 11 KB5016691.\" \/>\n<meta name=\"robots\" content=\"index, follow, max-snippet:-1, max-image-preview:large, max-video-preview:-1\" \/>\n<link rel=\"canonical\" href=\"https:\/\/quike.it\/es\/problemas-con-windows-11-kb5016691\/\" \/>\n<meta property=\"og:locale\" content=\"es_ES\" \/>\n<meta property=\"og:type\" content=\"article\" \/>\n<meta property=\"og:title\" content=\"Problemas con Windows 11 KB5016691\" \/>\n<meta property=\"og:description\" content=\"Microsoft tambi\u00e9n comenz\u00f3 a implementar un parche de emergencia para abordar estos problemas con Windows 11 KB5016691.\" \/>\n<meta property=\"og:url\" content=\"https:\/\/quike.it\/es\/problemas-con-windows-11-kb5016691\/\" \/>\n<meta property=\"og:site_name\" content=\"El BLOG de Enrique V\u00e1squez B.\" \/>\n<meta property=\"article:publisher\" content=\"https:\/\/www.facebook.com\/zeven.sa.1\" \/>\n<meta property=\"article:author\" content=\"https:\/\/www.facebook.com\/zeven.sa.1\" \/>\n<meta property=\"article:published_time\" content=\"2022-09-11T09:23:48+00:00\" \/>\n<meta property=\"article:modified_time\" content=\"2022-09-11T09:23:49+00:00\" \/>\n<meta property=\"og:image\" content=\"https:\/\/quike.it\/es\/wp-content\/uploads\/sites\/3\/2021\/08\/windows_111.png\" \/>\n\t<meta property=\"og:image:width\" content=\"747\" \/>\n\t<meta property=\"og:image:height\" content=\"420\" \/>\n\t<meta property=\"og:image:type\" content=\"image\/png\" \/>\n<meta name=\"author\" content=\"Enrique V\u00e1squez B.\" \/>\n<meta name=\"twitter:card\" content=\"summary_large_image\" \/>\n<meta name=\"twitter:title\" content=\"Problemas con Windows 11 KB5016691\" \/>\n<meta name=\"twitter:description\" content=\"Microsoft tambi\u00e9n comenz\u00f3 a implementar un parche de emergencia para abordar estos problemas con Windows 11 KB5016691.\" \/>\n<meta name=\"twitter:image\" content=\"https:\/\/quike.it\/es\/wp-content\/uploads\/sites\/3\/2021\/08\/windows_111.png\" \/>\n<meta name=\"twitter:creator\" content=\"@quike1974\" \/>\n<meta name=\"twitter:site\" content=\"@quike1974\" \/>\n<meta name=\"twitter:label1\" content=\"Escrito por\" \/>\n\t<meta name=\"twitter:data1\" content=\"Enrique V\u00e1squez B.\" \/>\n\t<meta name=\"twitter:label2\" content=\"Tiempo de lectura\" \/>\n\t<meta name=\"twitter:data2\" content=\"2 minutos\" \/>\n<script type=\"application\/ld+json\" class=\"yoast-schema-graph\">{\"@context\":\"https:\\\/\\\/schema.org\",\"@graph\":[{\"@type\":\"Article\",\"@id\":\"https:\\\/\\\/quike.it\\\/es\\\/problemas-con-windows-11-kb5016691\\\/#article\",\"isPartOf\":{\"@id\":\"https:\\\/\\\/quike.it\\\/es\\\/problemas-con-windows-11-kb5016691\\\/\"},\"author\":{\"name\":\"Enrique V\u00e1squez B.\",\"@id\":\"https:\\\/\\\/quike.it\\\/es\\\/#\\\/schema\\\/person\\\/e53c62e8ab2e3f878e77d3a617483cc8\"},\"headline\":\"Problemas con Windows 11 KB5016691\",\"datePublished\":\"2022-09-11T09:23:48+00:00\",\"dateModified\":\"2022-09-11T09:23:49+00:00\",\"mainEntityOfPage\":{\"@id\":\"https:\\\/\\\/quike.it\\\/es\\\/problemas-con-windows-11-kb5016691\\\/\"},\"wordCount\":411,\"commentCount\":0,\"publisher\":{\"@id\":\"https:\\\/\\\/quike.it\\\/es\\\/#\\\/schema\\\/person\\\/e53c62e8ab2e3f878e77d3a617483cc8\"},\"image\":{\"@id\":\"https:\\\/\\\/quike.it\\\/es\\\/problemas-con-windows-11-kb5016691\\\/#primaryimage\"},\"thumbnailUrl\":\"https:\\\/\\\/quike.it\\\/es\\\/wp-content\\\/uploads\\\/sites\\\/3\\\/2021\\\/08\\\/windows_111.png\",\"articleSection\":[\"Sistemas Operativos\",\"Windows\",\"Windows 11\"],\"inLanguage\":\"es\",\"potentialAction\":[{\"@type\":\"CommentAction\",\"name\":\"Comment\",\"target\":[\"https:\\\/\\\/quike.it\\\/es\\\/problemas-con-windows-11-kb5016691\\\/#respond\"]}]},{\"@type\":[\"WebPage\",\"ItemPage\"],\"@id\":\"https:\\\/\\\/quike.it\\\/es\\\/problemas-con-windows-11-kb5016691\\\/\",\"url\":\"https:\\\/\\\/quike.it\\\/es\\\/problemas-con-windows-11-kb5016691\\\/\",\"name\":\"Problemas con Windows 11 KB5016691 - Enrique V\u00e1squez - BLOG\",\"isPartOf\":{\"@id\":\"https:\\\/\\\/quike.it\\\/es\\\/#website\"},\"primaryImageOfPage\":{\"@id\":\"https:\\\/\\\/quike.it\\\/es\\\/problemas-con-windows-11-kb5016691\\\/#primaryimage\"},\"image\":{\"@id\":\"https:\\\/\\\/quike.it\\\/es\\\/problemas-con-windows-11-kb5016691\\\/#primaryimage\"},\"thumbnailUrl\":\"https:\\\/\\\/quike.it\\\/es\\\/wp-content\\\/uploads\\\/sites\\\/3\\\/2021\\\/08\\\/windows_111.png\",\"datePublished\":\"2022-09-11T09:23:48+00:00\",\"dateModified\":\"2022-09-11T09:23:49+00:00\",\"description\":\"Microsoft tambi\u00e9n comenz\u00f3 a implementar un parche de emergencia para abordar estos problemas con Windows 11 KB5016691.\",\"breadcrumb\":{\"@id\":\"https:\\\/\\\/quike.it\\\/es\\\/problemas-con-windows-11-kb5016691\\\/#breadcrumb\"},\"inLanguage\":\"es\",\"potentialAction\":[{\"@type\":\"ReadAction\",\"target\":[\"https:\\\/\\\/quike.it\\\/es\\\/problemas-con-windows-11-kb5016691\\\/\"]}]},{\"@type\":\"ImageObject\",\"inLanguage\":\"es\",\"@id\":\"https:\\\/\\\/quike.it\\\/es\\\/problemas-con-windows-11-kb5016691\\\/#primaryimage\",\"url\":\"https:\\\/\\\/quike.it\\\/es\\\/wp-content\\\/uploads\\\/sites\\\/3\\\/2021\\\/08\\\/windows_111.png\",\"contentUrl\":\"https:\\\/\\\/quike.it\\\/es\\\/wp-content\\\/uploads\\\/sites\\\/3\\\/2021\\\/08\\\/windows_111.png\",\"width\":747,\"height\":420,\"caption\":\"windows 11\"},{\"@type\":\"BreadcrumbList\",\"@id\":\"https:\\\/\\\/quike.it\\\/es\\\/problemas-con-windows-11-kb5016691\\\/#breadcrumb\",\"itemListElement\":[{\"@type\":\"ListItem\",\"position\":1,\"name\":\"Inicio\",\"item\":\"https:\\\/\\\/quike.it\\\/es\\\/\"},{\"@type\":\"ListItem\",\"position\":2,\"name\":\"Inform\u00e1tica\",\"item\":\"https:\\\/\\\/quike.it\\\/es\\\/category\\\/informatica\\\/\"},{\"@type\":\"ListItem\",\"position\":3,\"name\":\"Sistemas Operativos\",\"item\":\"https:\\\/\\\/quike.it\\\/es\\\/category\\\/informatica\\\/sistemas-operativos\\\/\"},{\"@type\":\"ListItem\",\"position\":4,\"name\":\"Windows\",\"item\":\"https:\\\/\\\/quike.it\\\/es\\\/category\\\/informatica\\\/sistemas-operativos\\\/windows\\\/\"},{\"@type\":\"ListItem\",\"position\":5,\"name\":\"Windows 11\",\"item\":\"https:\\\/\\\/quike.it\\\/es\\\/category\\\/informatica\\\/sistemas-operativos\\\/windows\\\/windows-11\\\/\"},{\"@type\":\"ListItem\",\"position\":6,\"name\":\"Problemas con Windows 11 KB5016691\"}]},{\"@type\":\"WebSite\",\"@id\":\"https:\\\/\\\/quike.it\\\/es\\\/#website\",\"url\":\"https:\\\/\\\/quike.it\\\/es\\\/\",\"name\":\"El BLOG de Enrique V\u00e1squez B.\",\"description\":\"\",\"publisher\":{\"@id\":\"https:\\\/\\\/quike.it\\\/es\\\/#\\\/schema\\\/person\\\/e53c62e8ab2e3f878e77d3a617483cc8\"},\"potentialAction\":[{\"@type\":\"SearchAction\",\"target\":{\"@type\":\"EntryPoint\",\"urlTemplate\":\"https:\\\/\\\/quike.it\\\/es\\\/?s={search_term_string}\"},\"query-input\":{\"@type\":\"PropertyValueSpecification\",\"valueRequired\":true,\"valueName\":\"search_term_string\"}}],\"inLanguage\":\"es\"},{\"@type\":[\"Person\",\"Organization\"],\"@id\":\"https:\\\/\\\/quike.it\\\/es\\\/#\\\/schema\\\/person\\\/e53c62e8ab2e3f878e77d3a617483cc8\",\"name\":\"Enrique V\u00e1squez B.\",\"image\":{\"@type\":\"ImageObject\",\"inLanguage\":\"es\",\"@id\":\"https:\\\/\\\/quike.it\\\/es\\\/wp-content\\\/uploads\\\/sites\\\/3\\\/2021\\\/02\\\/me.png\",\"url\":\"https:\\\/\\\/quike.it\\\/es\\\/wp-content\\\/uploads\\\/sites\\\/3\\\/2021\\\/02\\\/me.png\",\"contentUrl\":\"https:\\\/\\\/quike.it\\\/es\\\/wp-content\\\/uploads\\\/sites\\\/3\\\/2021\\\/02\\\/me.png\",\"width\":512,\"height\":512,\"caption\":\"Enrique V\u00e1squez B.\"},\"logo\":{\"@id\":\"https:\\\/\\\/quike.it\\\/es\\\/wp-content\\\/uploads\\\/sites\\\/3\\\/2021\\\/02\\\/me.png\"},\"description\":\"Programador desde 1988, con pasi\u00f3n por escribir art\u00edculos de todo tipo. Actualmente desarrolla para ZEVEN S.A. el Sistema de Facturaci\u00f3n Electr\u00f3nica. Ecuatoriano de nacimiento e italiano de residencia, escribe desde G\u00e9nova, ciudad que ha llegado a amar tanto como su natal Guayaquil. Padre de dos hijos que son su orgullo y esposo de una mujer excepcional.\",\"sameAs\":[\"https:\\\/\\\/quike.it\",\"https:\\\/\\\/www.facebook.com\\\/zeven.sa.1\",\"https:\\\/\\\/www.instagram.com\\\/quikev1974\",\"https:\\\/\\\/www.linkedin.com\\\/in\\\/carlos-enrique-vasquez-bautista-074893b\\\/\",\"https:\\\/\\\/x.com\\\/quike1974\"],\"url\":\"https:\\\/\\\/quike.it\\\/es\\\/author\\\/quike\\\/\"}]}<\/script>\n<!-- \/ Yoast SEO plugin. -->","yoast_head_json":{"title":"Problemas con Windows 11 KB5016691 - Enrique V\u00e1squez - BLOG","description":"Microsoft tambi\u00e9n comenz\u00f3 a implementar un parche de emergencia para abordar estos problemas con Windows 11 KB5016691.","robots":{"index":"index","follow":"follow","max-snippet":"max-snippet:-1","max-image-preview":"max-image-preview:large","max-video-preview":"max-video-preview:-1"},"canonical":"https:\/\/quike.it\/es\/problemas-con-windows-11-kb5016691\/","og_locale":"es_ES","og_type":"article","og_title":"Problemas con Windows 11 KB5016691","og_description":"Microsoft tambi\u00e9n comenz\u00f3 a implementar un parche de emergencia para abordar estos problemas con Windows 11 KB5016691.","og_url":"https:\/\/quike.it\/es\/problemas-con-windows-11-kb5016691\/","og_site_name":"El BLOG de Enrique V\u00e1squez B.","article_publisher":"https:\/\/www.facebook.com\/zeven.sa.1","article_author":"https:\/\/www.facebook.com\/zeven.sa.1","article_published_time":"2022-09-11T09:23:48+00:00","article_modified_time":"2022-09-11T09:23:49+00:00","og_image":[{"width":747,"height":420,"url":"https:\/\/quike.it\/es\/wp-content\/uploads\/sites\/3\/2021\/08\/windows_111.png","type":"image\/png"}],"author":"Enrique V\u00e1squez B.","twitter_card":"summary_large_image","twitter_title":"Problemas con Windows 11 KB5016691","twitter_description":"Microsoft tambi\u00e9n comenz\u00f3 a implementar un parche de emergencia para abordar estos problemas con Windows 11 KB5016691.","twitter_image":"https:\/\/quike.it\/es\/wp-content\/uploads\/sites\/3\/2021\/08\/windows_111.png","twitter_creator":"@quike1974","twitter_site":"@quike1974","twitter_misc":{"Escrito por":"Enrique V\u00e1squez B.","Tiempo de lectura":"2 minutos"},"schema":{"@context":"https:\/\/schema.org","@graph":[{"@type":"Article","@id":"https:\/\/quike.it\/es\/problemas-con-windows-11-kb5016691\/#article","isPartOf":{"@id":"https:\/\/quike.it\/es\/problemas-con-windows-11-kb5016691\/"},"author":{"name":"Enrique V\u00e1squez B.","@id":"https:\/\/quike.it\/es\/#\/schema\/person\/e53c62e8ab2e3f878e77d3a617483cc8"},"headline":"Problemas con Windows 11 KB5016691","datePublished":"2022-09-11T09:23:48+00:00","dateModified":"2022-09-11T09:23:49+00:00","mainEntityOfPage":{"@id":"https:\/\/quike.it\/es\/problemas-con-windows-11-kb5016691\/"},"wordCount":411,"commentCount":0,"publisher":{"@id":"https:\/\/quike.it\/es\/#\/schema\/person\/e53c62e8ab2e3f878e77d3a617483cc8"},"image":{"@id":"https:\/\/quike.it\/es\/problemas-con-windows-11-kb5016691\/#primaryimage"},"thumbnailUrl":"https:\/\/quike.it\/es\/wp-content\/uploads\/sites\/3\/2021\/08\/windows_111.png","articleSection":["Sistemas Operativos","Windows","Windows 11"],"inLanguage":"es","potentialAction":[{"@type":"CommentAction","name":"Comment","target":["https:\/\/quike.it\/es\/problemas-con-windows-11-kb5016691\/#respond"]}]},{"@type":["WebPage","ItemPage"],"@id":"https:\/\/quike.it\/es\/problemas-con-windows-11-kb5016691\/","url":"https:\/\/quike.it\/es\/problemas-con-windows-11-kb5016691\/","name":"Problemas con Windows 11 KB5016691 - Enrique V\u00e1squez - BLOG","isPartOf":{"@id":"https:\/\/quike.it\/es\/#website"},"primaryImageOfPage":{"@id":"https:\/\/quike.it\/es\/problemas-con-windows-11-kb5016691\/#primaryimage"},"image":{"@id":"https:\/\/quike.it\/es\/problemas-con-windows-11-kb5016691\/#primaryimage"},"thumbnailUrl":"https:\/\/quike.it\/es\/wp-content\/uploads\/sites\/3\/2021\/08\/windows_111.png","datePublished":"2022-09-11T09:23:48+00:00","dateModified":"2022-09-11T09:23:49+00:00","description":"Microsoft tambi\u00e9n comenz\u00f3 a implementar un parche de emergencia para abordar estos problemas con Windows 11 KB5016691.","breadcrumb":{"@id":"https:\/\/quike.it\/es\/problemas-con-windows-11-kb5016691\/#breadcrumb"},"inLanguage":"es","potentialAction":[{"@type":"ReadAction","target":["https:\/\/quike.it\/es\/problemas-con-windows-11-kb5016691\/"]}]},{"@type":"ImageObject","inLanguage":"es","@id":"https:\/\/quike.it\/es\/problemas-con-windows-11-kb5016691\/#primaryimage","url":"https:\/\/quike.it\/es\/wp-content\/uploads\/sites\/3\/2021\/08\/windows_111.png","contentUrl":"https:\/\/quike.it\/es\/wp-content\/uploads\/sites\/3\/2021\/08\/windows_111.png","width":747,"height":420,"caption":"windows 11"},{"@type":"BreadcrumbList","@id":"https:\/\/quike.it\/es\/problemas-con-windows-11-kb5016691\/#breadcrumb","itemListElement":[{"@type":"ListItem","position":1,"name":"Inicio","item":"https:\/\/quike.it\/es\/"},{"@type":"ListItem","position":2,"name":"Inform\u00e1tica","item":"https:\/\/quike.it\/es\/category\/informatica\/"},{"@type":"ListItem","position":3,"name":"Sistemas Operativos","item":"https:\/\/quike.it\/es\/category\/informatica\/sistemas-operativos\/"},{"@type":"ListItem","position":4,"name":"Windows","item":"https:\/\/quike.it\/es\/category\/informatica\/sistemas-operativos\/windows\/"},{"@type":"ListItem","position":5,"name":"Windows 11","item":"https:\/\/quike.it\/es\/category\/informatica\/sistemas-operativos\/windows\/windows-11\/"},{"@type":"ListItem","position":6,"name":"Problemas con Windows 11 KB5016691"}]},{"@type":"WebSite","@id":"https:\/\/quike.it\/es\/#website","url":"https:\/\/quike.it\/es\/","name":"El BLOG de Enrique V\u00e1squez B.","description":"","publisher":{"@id":"https:\/\/quike.it\/es\/#\/schema\/person\/e53c62e8ab2e3f878e77d3a617483cc8"},"potentialAction":[{"@type":"SearchAction","target":{"@type":"EntryPoint","urlTemplate":"https:\/\/quike.it\/es\/?s={search_term_string}"},"query-input":{"@type":"PropertyValueSpecification","valueRequired":true,"valueName":"search_term_string"}}],"inLanguage":"es"},{"@type":["Person","Organization"],"@id":"https:\/\/quike.it\/es\/#\/schema\/person\/e53c62e8ab2e3f878e77d3a617483cc8","name":"Enrique V\u00e1squez B.","image":{"@type":"ImageObject","inLanguage":"es","@id":"https:\/\/quike.it\/es\/wp-content\/uploads\/sites\/3\/2021\/02\/me.png","url":"https:\/\/quike.it\/es\/wp-content\/uploads\/sites\/3\/2021\/02\/me.png","contentUrl":"https:\/\/quike.it\/es\/wp-content\/uploads\/sites\/3\/2021\/02\/me.png","width":512,"height":512,"caption":"Enrique V\u00e1squez B."},"logo":{"@id":"https:\/\/quike.it\/es\/wp-content\/uploads\/sites\/3\/2021\/02\/me.png"},"description":"Programador desde 1988, con pasi\u00f3n por escribir art\u00edculos de todo tipo. Actualmente desarrolla para ZEVEN S.A. el Sistema de Facturaci\u00f3n Electr\u00f3nica. Ecuatoriano de nacimiento e italiano de residencia, escribe desde G\u00e9nova, ciudad que ha llegado a amar tanto como su natal Guayaquil. Padre de dos hijos que son su orgullo y esposo de una mujer excepcional.","sameAs":["https:\/\/quike.it","https:\/\/www.facebook.com\/zeven.sa.1","https:\/\/www.instagram.com\/quikev1974","https:\/\/www.linkedin.com\/in\/carlos-enrique-vasquez-bautista-074893b\/","https:\/\/x.com\/quike1974"],"url":"https:\/\/quike.it\/es\/author\/quike\/"}]}},"_links":{"self":[{"href":"https:\/\/quike.it\/es\/wp-json\/wp\/v2\/posts\/16376","targetHints":{"allow":["GET"]}}],"collection":[{"href":"https:\/\/quike.it\/es\/wp-json\/wp\/v2\/posts"}],"about":[{"href":"https:\/\/quike.it\/es\/wp-json\/wp\/v2\/types\/post"}],"author":[{"embeddable":true,"href":"https:\/\/quike.it\/es\/wp-json\/wp\/v2\/users\/2"}],"replies":[{"embeddable":true,"href":"https:\/\/quike.it\/es\/wp-json\/wp\/v2\/comments?post=16376"}],"version-history":[{"count":15,"href":"https:\/\/quike.it\/es\/wp-json\/wp\/v2\/posts\/16376\/revisions"}],"predecessor-version":[{"id":16391,"href":"https:\/\/quike.it\/es\/wp-json\/wp\/v2\/posts\/16376\/revisions\/16391"}],"wp:featuredmedia":[{"embeddable":true,"href":"https:\/\/quike.it\/es\/wp-json\/wp\/v2\/media\/9466"}],"wp:attachment":[{"href":"https:\/\/quike.it\/es\/wp-json\/wp\/v2\/media?parent=16376"}],"wp:term":[{"taxonomy":"category","embeddable":true,"href":"https:\/\/quike.it\/es\/wp-json\/wp\/v2\/categories?post=16376"},{"taxonomy":"post_tag","embeddable":true,"href":"https:\/\/quike.it\/es\/wp-json\/wp\/v2\/tags?post=16376"}],"curies":[{"name":"wp","href":"https:\/\/api.w.org\/{rel}","templated":true}]}}