{"id":5665,"date":"2021-05-16T05:42:00","date_gmt":"2021-05-16T04:42:00","guid":{"rendered":"https:\/\/quike.it\/es\/?p=5665"},"modified":"2021-05-10T10:45:00","modified_gmt":"2021-05-10T09:45:00","slug":"el-dia-de-la-abeja","status":"publish","type":"post","link":"https:\/\/quike.it\/es\/el-dia-de-la-abeja\/","title":{"rendered":"El d\u00eda de La Abeja"},"content":{"rendered":"\t\t<div data-elementor-type=\"wp-post\" data-elementor-id=\"5665\" class=\"elementor elementor-5665\" data-elementor-post-type=\"post\">\n\t\t\t\t\t\t<section class=\"elementor-section elementor-top-section elementor-element elementor-element-5d114ab elementor-section-boxed elementor-section-height-default elementor-section-height-default\" data-id=\"5d114ab\" data-element_type=\"section\" data-e-type=\"section\">\n\t\t\t\t\t\t<div class=\"elementor-container elementor-column-gap-default\">\n\t\t\t\t\t<div class=\"elementor-column elementor-col-100 elementor-top-column elementor-element elementor-element-7294545\" data-id=\"7294545\" data-element_type=\"column\" data-e-type=\"column\">\n\t\t\t<div class=\"elementor-widget-wrap elementor-element-populated\">\n\t\t\t\t\t\t<div class=\"elementor-element elementor-element-7a30e6a elementor-widget elementor-widget-text-editor\" data-id=\"7a30e6a\" data-element_type=\"widget\" data-e-type=\"widget\" data-widget_type=\"text-editor.default\">\n\t\t\t\t\t\t\t\t\t<p>En el <strong>2017<\/strong> la <a href=\"https:\/\/es.wikipedia.org\/wiki\/Asamblea_General_de_las_Naciones_Unidas\" target=\"_blank\" rel=\"noopener\"><strong>Asamblea General de las Naciones Unidas<\/strong><\/a> vot\u00f3 y estableci\u00f3 la instituci\u00f3n de el <strong>d\u00eda mundial de La Abeja<\/strong> para promover la protecci\u00f3n, cada d\u00eda mas cr\u00edtica, del cambio clim\u00e1tico, de la contaminaci\u00f3n y del utilizo de pesticidas.<\/p>\t\t\t\t\t\t\t\t<\/div>\n\t\t\t\t\t<\/div>\n\t\t<\/div>\n\t\t\t\t\t<\/div>\n\t\t<\/section>\n\t\t\t\t<section class=\"elementor-section elementor-top-section elementor-element elementor-element-ed6f01c elementor-section-boxed elementor-section-height-default elementor-section-height-default\" data-id=\"ed6f01c\" data-element_type=\"section\" data-e-type=\"section\">\n\t\t\t\t\t\t<div class=\"elementor-container elementor-column-gap-default\">\n\t\t\t\t\t<div class=\"elementor-column elementor-col-66 elementor-top-column elementor-element elementor-element-0a7c293\" data-id=\"0a7c293\" data-element_type=\"column\" data-e-type=\"column\">\n\t\t\t<div class=\"elementor-widget-wrap elementor-element-populated\">\n\t\t\t\t\t\t<div class=\"elementor-element elementor-element-cd54725 elementor-widget elementor-widget-text-editor\" data-id=\"cd54725\" data-element_type=\"widget\" data-e-type=\"widget\" data-widget_type=\"text-editor.default\">\n\t\t\t\t\t\t\t\t\t<p>El <strong>d\u00eda mundial<\/strong> de la <strong>Abeja<\/strong> se celebra el <strong>20 de mayo<\/strong>, e inici\u00f3 a conmemorarse desde el <strong>2018,<\/strong> con el objetivo de sensibilizar la opini\u00f3n p\u00fablica mundial sobre la importancia de este <strong><a href=\"https:\/\/dle.rae.es\/polinizador?m=form\" target=\"_blank\" rel=\"noopener\">polinizador<\/a>,<\/strong> y del rol que ejerce en el \u00e1mbito del desarrollo sostenible y de las amenazas que enfrentan cotidianamente y que mete a riesgo constante su supervivencia.<\/p>\t\t\t\t\t\t\t\t<\/div>\n\t\t\t\t\t<\/div>\n\t\t<\/div>\n\t\t\t\t<div class=\"elementor-column elementor-col-33 elementor-top-column elementor-element elementor-element-7e52a88\" data-id=\"7e52a88\" data-element_type=\"column\" data-e-type=\"column\">\n\t\t\t<div class=\"elementor-widget-wrap elementor-element-populated\">\n\t\t\t\t\t\t<div class=\"elementor-element elementor-element-9b703e5 elementor-widget elementor-widget-image\" data-id=\"9b703e5\" data-element_type=\"widget\" data-e-type=\"widget\" data-widget_type=\"image.default\">\n\t\t\t\t\t\t\t\t\t\t\t\t\t\t\t<img fetchpriority=\"high\" decoding=\"async\" width=\"640\" height=\"343\" src=\"https:\/\/quike.it\/es\/wp-content\/uploads\/sites\/3\/2021\/05\/bee-5377971_6401.png\" class=\"attachment-large size-large wp-image-5695\" alt=\"\" srcset=\"https:\/\/quike.it\/es\/wp-content\/uploads\/sites\/3\/2021\/05\/bee-5377971_6401.png 640w, https:\/\/quike.it\/es\/wp-content\/uploads\/sites\/3\/2021\/05\/bee-5377971_6401-300x161.png 300w\" sizes=\"(max-width: 640px) 100vw, 640px\" \/>\t\t\t\t\t\t\t\t\t\t\t\t\t\t\t<\/div>\n\t\t\t\t\t<\/div>\n\t\t<\/div>\n\t\t\t\t\t<\/div>\n\t\t<\/section>\n\t\t\t\t<section class=\"elementor-section elementor-top-section elementor-element elementor-element-1bb5f4b elementor-section-boxed elementor-section-height-default elementor-section-height-default\" data-id=\"1bb5f4b\" data-element_type=\"section\" data-e-type=\"section\">\n\t\t\t\t\t\t<div class=\"elementor-container elementor-column-gap-default\">\n\t\t\t\t\t<div class=\"elementor-column elementor-col-100 elementor-top-column elementor-element elementor-element-2ae9848\" data-id=\"2ae9848\" data-element_type=\"column\" data-e-type=\"column\">\n\t\t\t<div class=\"elementor-widget-wrap elementor-element-populated\">\n\t\t\t\t\t\t<div class=\"elementor-element elementor-element-5ac8cad elementor-widget elementor-widget-text-editor\" data-id=\"5ac8cad\" data-element_type=\"widget\" data-e-type=\"widget\" data-widget_type=\"text-editor.default\">\n\t\t\t\t\t\t\t\t\t<p>Sin las <strong>Abejas<\/strong> el ecosistema y la producci\u00f3n mundial alimentar, seg\u00fan la <a href=\"https:\/\/es.wikipedia.org\/wiki\/Organizaci%C3%B3n_de_las_Naciones_Unidas_para_la_Alimentaci%C3%B3n_y_la_Agricultura\" target=\"_blank\" rel=\"noopener\"><strong>FAO,<\/strong><\/a> estar\u00edan gravemente comprometidos, de hecho el 71% de los cultivos m\u00e1s importantes en el mundo se reproducen gracias a la <a href=\"https:\/\/dle.rae.es\/polinizaci%C3%B3n?m=form\" target=\"_blank\" rel=\"noopener\"><strong>polinizaci\u00f3n<\/strong><\/a>.\u00a0<\/p>\t\t\t\t\t\t\t\t<\/div>\n\t\t\t\t\t<\/div>\n\t\t<\/div>\n\t\t\t\t\t<\/div>\n\t\t<\/section>\n\t\t\t\t<section class=\"elementor-section elementor-top-section elementor-element elementor-element-b50df18 elementor-section-boxed elementor-section-height-default elementor-section-height-default\" data-id=\"b50df18\" data-element_type=\"section\" data-e-type=\"section\">\n\t\t\t\t\t\t<div class=\"elementor-container elementor-column-gap-default\">\n\t\t\t\t\t<div class=\"elementor-column elementor-col-100 elementor-top-column elementor-element elementor-element-237bf39\" data-id=\"237bf39\" data-element_type=\"column\" data-e-type=\"column\">\n\t\t\t<div class=\"elementor-widget-wrap elementor-element-populated\">\n\t\t\t\t\t\t<div class=\"elementor-element elementor-element-b257c96 elementor-widget elementor-widget-text-editor\" data-id=\"b257c96\" data-element_type=\"widget\" data-e-type=\"widget\" data-widget_type=\"text-editor.default\">\n\t\t\t\t\t\t\t\t\t<p>M\u00e1s del <strong>80%<\/strong> de los cultivos destinados a la nutrici\u00f3n del ser humano cuenta con el trabajo que estos insectos hacen\u00a0<em><strong>gratuitamente.<\/strong><\/em><\/p><p>Si el n\u00famero de <strong>abejas<\/strong> continuar\u00e1 a disminuir, muy pronto no podremos gozar m\u00e1s de ciertos alimentos como los duraznos, bayas, fruta de pan, manzanas, almendras, tomates, etc..\u00a0<\/p><p>De igual forma algunos productos l\u00e1cteos como el yogur, mantequilla y quesos frescos.<\/p><p>La extinci\u00f3n de las <strong>abejas<\/strong> mete en peligro nuestra seguridad alimentaria y por consiguiente nuestro futuro.<\/p>\t\t\t\t\t\t\t\t<\/div>\n\t\t\t\t\t<\/div>\n\t\t<\/div>\n\t\t\t\t\t<\/div>\n\t\t<\/section>\n\t\t\t\t<section class=\"elementor-section elementor-top-section elementor-element elementor-element-0651090 elementor-section-boxed elementor-section-height-default elementor-section-height-default\" data-id=\"0651090\" data-element_type=\"section\" data-e-type=\"section\">\n\t\t\t\t\t\t<div class=\"elementor-container elementor-column-gap-default\">\n\t\t\t\t\t<div class=\"elementor-column elementor-col-100 elementor-top-column elementor-element elementor-element-7913a62\" data-id=\"7913a62\" data-element_type=\"column\" data-e-type=\"column\">\n\t\t\t<div class=\"elementor-widget-wrap elementor-element-populated\">\n\t\t\t\t\t\t<div class=\"elementor-element elementor-element-20c284b elementor-widget elementor-widget-heading\" data-id=\"20c284b\" data-element_type=\"widget\" data-e-type=\"widget\" data-widget_type=\"heading.default\">\n\t\t\t\t\t<h2 class=\"elementor-heading-title elementor-size-default\">Las causas<\/h2>\t\t\t\t<\/div>\n\t\t\t\t\t<\/div>\n\t\t<\/div>\n\t\t\t\t\t<\/div>\n\t\t<\/section>\n\t\t\t\t<section class=\"elementor-section elementor-top-section elementor-element elementor-element-03ac684 elementor-section-boxed elementor-section-height-default elementor-section-height-default\" data-id=\"03ac684\" data-element_type=\"section\" data-e-type=\"section\">\n\t\t\t\t\t\t<div class=\"elementor-container elementor-column-gap-default\">\n\t\t\t\t\t<div class=\"elementor-column elementor-col-66 elementor-top-column elementor-element elementor-element-ee6116b\" data-id=\"ee6116b\" data-element_type=\"column\" data-e-type=\"column\">\n\t\t\t<div class=\"elementor-widget-wrap elementor-element-populated\">\n\t\t\t\t\t\t<div class=\"elementor-element elementor-element-69b1530 elementor-widget elementor-widget-text-editor\" data-id=\"69b1530\" data-element_type=\"widget\" data-e-type=\"widget\" data-widget_type=\"text-editor.default\">\n\t\t\t\t\t\t\t\t\t<p>Entre las principales amenazas contra los <strong>polinizadores<\/strong> encontramos a la agricultura industrial.<\/p><p>Pesticidas qu\u00edmicos, monocultivos, perdida de la <strong>bio-diversidad<\/strong>, pr\u00e1cticas agr\u00edcolas destructivas.<\/p><p>Seg\u00fan estudios conducidos por el <a href=\"https:\/\/www.google.com\/url?sa=t&amp;rct=j&amp;q=&amp;esrc=s&amp;source=web&amp;cd=&amp;cad=rja&amp;uact=8&amp;ved=2ahUKEwjqvsDb6L7wAhWQyqQKHcLhCyYQFjAAegQIAxAE&amp;url=https%3A%2F%2Fwww.cimec.unitn.it%2F&amp;usg=AOvVaw3-Pzt_jHq3Drg7716XWZST\" target=\"_blank\" rel=\"noopener\"><strong>CIMeC<\/strong><\/a> y por el departamento de <strong>F\u00edsica de la <a href=\"https:\/\/es.wikipedia.org\/wiki\/Universidad_de_Trento\" target=\"_blank\" rel=\"noopener\">Universidad de Trento<\/a><\/strong>, algunos pesticidas adem\u00e1s de ser letales para las abejas, intervienen en el sistema nervioso de los insectos, a nivel de la memoria, de la\u00a0 orientaci\u00f3n y p\u00e9rdida del olfato.<\/p>\t\t\t\t\t\t\t\t<\/div>\n\t\t\t\t\t<\/div>\n\t\t<\/div>\n\t\t\t\t<div class=\"elementor-column elementor-col-33 elementor-top-column elementor-element elementor-element-38f1dd8\" data-id=\"38f1dd8\" data-element_type=\"column\" data-e-type=\"column\">\n\t\t\t<div class=\"elementor-widget-wrap elementor-element-populated\">\n\t\t\t\t\t\t<div class=\"elementor-element elementor-element-2c7fcc9 elementor-widget elementor-widget-image\" data-id=\"2c7fcc9\" data-element_type=\"widget\" data-e-type=\"widget\" data-widget_type=\"image.default\">\n\t\t\t\t\t\t\t\t\t\t\t\t\t\t\t<img decoding=\"async\" width=\"640\" height=\"578\" src=\"https:\/\/quike.it\/es\/wp-content\/uploads\/sites\/3\/2021\/05\/bee-45792_6401.png\" class=\"attachment-large size-large wp-image-5696\" alt=\"\" srcset=\"https:\/\/quike.it\/es\/wp-content\/uploads\/sites\/3\/2021\/05\/bee-45792_6401.png 640w, https:\/\/quike.it\/es\/wp-content\/uploads\/sites\/3\/2021\/05\/bee-45792_6401-300x271.png 300w\" sizes=\"(max-width: 640px) 100vw, 640px\" \/>\t\t\t\t\t\t\t\t\t\t\t\t\t\t\t<\/div>\n\t\t\t\t\t<\/div>\n\t\t<\/div>\n\t\t\t\t\t<\/div>\n\t\t<\/section>\n\t\t\t\t<section class=\"elementor-section elementor-top-section elementor-element elementor-element-4d8e3f0 elementor-section-boxed elementor-section-height-default elementor-section-height-default\" data-id=\"4d8e3f0\" data-element_type=\"section\" data-e-type=\"section\">\n\t\t\t\t\t\t<div class=\"elementor-container elementor-column-gap-default\">\n\t\t\t\t\t<div class=\"elementor-column elementor-col-100 elementor-top-column elementor-element elementor-element-dfa50d3\" data-id=\"dfa50d3\" data-element_type=\"column\" data-e-type=\"column\">\n\t\t\t<div class=\"elementor-widget-wrap elementor-element-populated\">\n\t\t\t\t\t\t<div class=\"elementor-element elementor-element-3d950b5 elementor-widget elementor-widget-text-editor\" data-id=\"3d950b5\" data-element_type=\"widget\" data-e-type=\"widget\" data-widget_type=\"text-editor.default\">\n\t\t\t\t\t\t\t\t\t<p>Los principios activos de estos pesticidas son altamente t\u00f3xicos.<\/p><p>Se unen a los receptores de la nicotina en la <a href=\"https:\/\/dle.rae.es\/sinapsis?m=form\" target=\"_blank\" rel=\"noopener\"><strong>sinapsis<\/strong><\/a> y bloquean el trasporte de informaci\u00f3n a nivel cerebral.<\/p>\t\t\t\t\t\t\t\t<\/div>\n\t\t\t\t\t<\/div>\n\t\t<\/div>\n\t\t\t\t\t<\/div>\n\t\t<\/section>\n\t\t\t\t<section class=\"elementor-section elementor-top-section elementor-element elementor-element-ee57f07 elementor-section-boxed elementor-section-height-default elementor-section-height-default\" data-id=\"ee57f07\" data-element_type=\"section\" data-e-type=\"section\">\n\t\t\t\t\t\t<div class=\"elementor-container elementor-column-gap-default\">\n\t\t\t\t\t<div class=\"elementor-column elementor-col-33 elementor-top-column elementor-element elementor-element-18384dc\" data-id=\"18384dc\" data-element_type=\"column\" data-e-type=\"column\">\n\t\t\t<div class=\"elementor-widget-wrap elementor-element-populated\">\n\t\t\t\t\t\t<div class=\"elementor-element elementor-element-5897799 elementor-widget elementor-widget-image\" data-id=\"5897799\" data-element_type=\"widget\" data-e-type=\"widget\" data-widget_type=\"image.default\">\n\t\t\t\t\t\t\t\t\t\t\t\t\t\t\t<img decoding=\"async\" width=\"593\" height=\"640\" src=\"https:\/\/quike.it\/es\/wp-content\/uploads\/sites\/3\/2021\/05\/bee-5132048_6401.png\" class=\"attachment-large size-large wp-image-5697\" alt=\"\" srcset=\"https:\/\/quike.it\/es\/wp-content\/uploads\/sites\/3\/2021\/05\/bee-5132048_6401.png 593w, https:\/\/quike.it\/es\/wp-content\/uploads\/sites\/3\/2021\/05\/bee-5132048_6401-278x300.png 278w\" sizes=\"(max-width: 593px) 100vw, 593px\" \/>\t\t\t\t\t\t\t\t\t\t\t\t\t\t\t<\/div>\n\t\t\t\t\t<\/div>\n\t\t<\/div>\n\t\t\t\t<div class=\"elementor-column elementor-col-66 elementor-top-column elementor-element elementor-element-c00f233\" data-id=\"c00f233\" data-element_type=\"column\" data-e-type=\"column\">\n\t\t\t<div class=\"elementor-widget-wrap elementor-element-populated\">\n\t\t\t\t\t\t<div class=\"elementor-element elementor-element-541d958 elementor-widget elementor-widget-text-editor\" data-id=\"541d958\" data-element_type=\"widget\" data-e-type=\"widget\" data-widget_type=\"text-editor.default\">\n\t\t\t\t\t\t\t\t\t<p>Las <strong>abejas<\/strong> comunican de manera qu\u00edmica, a trav\u00e9s de las <a href=\"https:\/\/dle.rae.es\/feromona?m=form\" target=\"_blank\" rel=\"noopener\"><strong>feromonas<\/strong><\/a>.<\/p><p>Cambios, aunque sean peque\u00f1os, a nivel del olfato pueden comprometer seriamente la vida de un enjambre porque afectan la organizaci\u00f3n social y la capacidad reproductiva de la <strong>colonia.<\/strong><\/p>\t\t\t\t\t\t\t\t<\/div>\n\t\t\t\t<div class=\"elementor-element elementor-element-87ab9e8 elementor-widget elementor-widget-text-editor\" data-id=\"87ab9e8\" data-element_type=\"widget\" data-e-type=\"widget\" data-widget_type=\"text-editor.default\">\n\t\t\t\t\t\t\t\t\t<p>Por ejemplo, si la informaci\u00f3n sobre una hipot\u00e9tica enfermedad de la <strong>abeja reina<\/strong> no se trasmite en modo correcto en la colonia, las <strong>abejas<\/strong> no iniciar\u00edan el mecanismo base para la reproducci\u00f3n de una nueva reina y la <strong>colmena<\/strong> quedar\u00eda destinada al desastre.<\/p>\t\t\t\t\t\t\t\t<\/div>\n\t\t\t\t\t<\/div>\n\t\t<\/div>\n\t\t\t\t\t<\/div>\n\t\t<\/section>\n\t\t\t\t<section class=\"elementor-section elementor-top-section elementor-element elementor-element-9043992 elementor-section-boxed elementor-section-height-default elementor-section-height-default\" data-id=\"9043992\" data-element_type=\"section\" data-e-type=\"section\">\n\t\t\t\t\t\t<div class=\"elementor-container elementor-column-gap-default\">\n\t\t\t\t\t<div class=\"elementor-column elementor-col-100 elementor-top-column elementor-element elementor-element-28e9666\" data-id=\"28e9666\" data-element_type=\"column\" data-e-type=\"column\">\n\t\t\t<div class=\"elementor-widget-wrap elementor-element-populated\">\n\t\t\t\t\t\t<div class=\"elementor-element elementor-element-9e0b5c4 elementor-widget elementor-widget-text-editor\" data-id=\"9e0b5c4\" data-element_type=\"widget\" data-e-type=\"widget\" data-widget_type=\"text-editor.default\">\n\t\t\t\t\t\t\t\t\t<p>A todo esto se agrega otro asesino: El <strong>cambio clim\u00e1tico<\/strong> que est\u00e1 modificando el ciclo natural de los ecosistemas, haci\u00e9ndolas mas vulnerables y menos productivas.<\/p>\t\t\t\t\t\t\t\t<\/div>\n\t\t\t\t\t<\/div>\n\t\t<\/div>\n\t\t\t\t\t<\/div>\n\t\t<\/section>\n\t\t\t\t<section class=\"elementor-section elementor-top-section elementor-element elementor-element-5babbd3 elementor-section-boxed elementor-section-height-default elementor-section-height-default\" data-id=\"5babbd3\" data-element_type=\"section\" data-e-type=\"section\">\n\t\t\t\t\t\t<div class=\"elementor-container elementor-column-gap-default\">\n\t\t\t\t\t<div class=\"elementor-column elementor-col-100 elementor-top-column elementor-element elementor-element-0a48ab5\" data-id=\"0a48ab5\" data-element_type=\"column\" data-e-type=\"column\">\n\t\t\t<div class=\"elementor-widget-wrap elementor-element-populated\">\n\t\t\t\t\t\t<div class=\"elementor-element elementor-element-94b4258 elementor-widget elementor-widget-heading\" data-id=\"94b4258\" data-element_type=\"widget\" data-e-type=\"widget\" data-widget_type=\"heading.default\">\n\t\t\t\t\t<h2 class=\"elementor-heading-title elementor-size-default\">Las Centinelas del Ambiente<\/h2>\t\t\t\t<\/div>\n\t\t\t\t\t<\/div>\n\t\t<\/div>\n\t\t\t\t\t<\/div>\n\t\t<\/section>\n\t\t\t\t<section class=\"elementor-section elementor-top-section elementor-element elementor-element-3f96211 elementor-section-boxed elementor-section-height-default elementor-section-height-default\" data-id=\"3f96211\" data-element_type=\"section\" data-e-type=\"section\">\n\t\t\t\t\t\t<div class=\"elementor-container elementor-column-gap-default\">\n\t\t\t\t\t<div class=\"elementor-column elementor-col-66 elementor-top-column elementor-element elementor-element-39eef13\" data-id=\"39eef13\" data-element_type=\"column\" data-e-type=\"column\">\n\t\t\t<div class=\"elementor-widget-wrap elementor-element-populated\">\n\t\t\t\t\t\t<div class=\"elementor-element elementor-element-fec7d5f elementor-widget elementor-widget-text-editor\" data-id=\"fec7d5f\" data-element_type=\"widget\" data-e-type=\"widget\" data-widget_type=\"text-editor.default\">\n\t\t\t\t\t\t\t\t\t<p>Las <strong>Abejas,<\/strong> ademas de garantizar una variedad de frutas y verduras en nuestra mesa, son &#8216;inspectores del ambiente&#8217;, ya que son utilizadas en actividades de <a href=\"https:\/\/dle.rae.es\/monitoreo?m=form\" target=\"_blank\" rel=\"noopener\">monitoreo<\/a> de la contaminaci\u00f3n ambiental.<\/p><p>Estas, capturan con su cuerpo incluso las part\u00edculas contaminantes que se encuentran presentes en el aire, y a trav\u00e9s del monitoreo de estas se puede llegar a entender el nivel de contaminaci\u00f3n y eventuales fen\u00f3menos de <strong>bio-acumulaci\u00f3n<\/strong>,\u00a0 mismas que tienen consecuencias en la salud del ser humano.<\/p>\t\t\t\t\t\t\t\t<\/div>\n\t\t\t\t\t<\/div>\n\t\t<\/div>\n\t\t\t\t<div class=\"elementor-column elementor-col-33 elementor-top-column elementor-element elementor-element-fd5aacd\" data-id=\"fd5aacd\" data-element_type=\"column\" data-e-type=\"column\">\n\t\t\t<div class=\"elementor-widget-wrap elementor-element-populated\">\n\t\t\t\t\t\t<div class=\"elementor-element elementor-element-94fdf29 elementor-widget elementor-widget-image\" data-id=\"94fdf29\" data-element_type=\"widget\" data-e-type=\"widget\" data-widget_type=\"image.default\">\n\t\t\t\t\t\t\t\t\t\t\t\t\t\t\t<img loading=\"lazy\" decoding=\"async\" width=\"504\" height=\"640\" src=\"https:\/\/quike.it\/es\/wp-content\/uploads\/sites\/3\/2021\/05\/bee-5047824_6401.png\" class=\"attachment-large size-large wp-image-5698\" alt=\"\" srcset=\"https:\/\/quike.it\/es\/wp-content\/uploads\/sites\/3\/2021\/05\/bee-5047824_6401.png 504w, https:\/\/quike.it\/es\/wp-content\/uploads\/sites\/3\/2021\/05\/bee-5047824_6401-236x300.png 236w\" sizes=\"(max-width: 504px) 100vw, 504px\" \/>\t\t\t\t\t\t\t\t\t\t\t\t\t\t\t<\/div>\n\t\t\t\t\t<\/div>\n\t\t<\/div>\n\t\t\t\t\t<\/div>\n\t\t<\/section>\n\t\t\t\t<section class=\"elementor-section elementor-top-section elementor-element elementor-element-c1e0e6e elementor-section-boxed elementor-section-height-default elementor-section-height-default\" data-id=\"c1e0e6e\" data-element_type=\"section\" data-e-type=\"section\">\n\t\t\t\t\t\t<div class=\"elementor-container elementor-column-gap-default\">\n\t\t\t\t\t<div class=\"elementor-column elementor-col-100 elementor-top-column elementor-element elementor-element-18c4cf8\" data-id=\"18c4cf8\" data-element_type=\"column\" data-e-type=\"column\">\n\t\t\t<div class=\"elementor-widget-wrap elementor-element-populated\">\n\t\t\t\t\t\t<div class=\"elementor-element elementor-element-39c121c elementor-widget elementor-widget-heading\" data-id=\"39c121c\" data-element_type=\"widget\" data-e-type=\"widget\" data-widget_type=\"heading.default\">\n\t\t\t\t\t<h2 class=\"elementor-heading-title elementor-size-default\">Hay que tener en casa siempre un poco de miel<\/h2>\t\t\t\t<\/div>\n\t\t\t\t\t<\/div>\n\t\t<\/div>\n\t\t\t\t\t<\/div>\n\t\t<\/section>\n\t\t\t\t<section class=\"elementor-section elementor-top-section elementor-element elementor-element-9a318b7 elementor-section-boxed elementor-section-height-default elementor-section-height-default\" data-id=\"9a318b7\" data-element_type=\"section\" data-e-type=\"section\">\n\t\t\t\t\t\t<div class=\"elementor-container elementor-column-gap-default\">\n\t\t\t\t\t<div class=\"elementor-column elementor-col-33 elementor-top-column elementor-element elementor-element-491c81d\" data-id=\"491c81d\" data-element_type=\"column\" data-e-type=\"column\">\n\t\t\t<div class=\"elementor-widget-wrap elementor-element-populated\">\n\t\t\t\t\t\t<div class=\"elementor-element elementor-element-95cf1c8 elementor-widget elementor-widget-image\" data-id=\"95cf1c8\" data-element_type=\"widget\" data-e-type=\"widget\" data-widget_type=\"image.default\">\n\t\t\t\t\t\t\t\t\t\t\t\t\t\t\t<img loading=\"lazy\" decoding=\"async\" width=\"515\" height=\"640\" src=\"https:\/\/quike.it\/es\/wp-content\/uploads\/sites\/3\/2021\/05\/honey-bee-469560_6401.png\" class=\"attachment-large size-large wp-image-5693\" alt=\"d\u00eda de la abeja\" srcset=\"https:\/\/quike.it\/es\/wp-content\/uploads\/sites\/3\/2021\/05\/honey-bee-469560_6401.png 515w, https:\/\/quike.it\/es\/wp-content\/uploads\/sites\/3\/2021\/05\/honey-bee-469560_6401-241x300.png 241w\" sizes=\"(max-width: 515px) 100vw, 515px\" \/>\t\t\t\t\t\t\t\t\t\t\t\t\t\t\t<\/div>\n\t\t\t\t\t<\/div>\n\t\t<\/div>\n\t\t\t\t<div class=\"elementor-column elementor-col-66 elementor-top-column elementor-element elementor-element-cd7424f\" data-id=\"cd7424f\" data-element_type=\"column\" data-e-type=\"column\">\n\t\t\t<div class=\"elementor-widget-wrap elementor-element-populated\">\n\t\t\t\t\t\t<div class=\"elementor-element elementor-element-19a3b4e elementor-widget elementor-widget-text-editor\" data-id=\"19a3b4e\" data-element_type=\"widget\" data-e-type=\"widget\" data-widget_type=\"text-editor.default\">\n\t\t\t\t\t\t\t\t\t<p><strong>Calma la tos<\/strong>. En la leche caliente o simplemente una cucharadita en boca, act\u00faa como sedativo y anti inflamatorio en la laringe y en las v\u00edas respiratorias.<\/p><p><strong>Contra el insomnio<\/strong>. Nada es m\u00e1s eficaz que una cucharadita de miel disuelto en una tisana antes de dormir.<\/p><p><strong>Ayuda al est\u00f3mago<\/strong>. La miel alivia los s\u00edntomas de la gastritis y del dolor de est\u00f3mago, reduciendo la formaci\u00f3n de gases intestinales.<\/p><p><strong>Sana heridas<\/strong>. Aplicado sobre las heridas, estimula el proceso de sanaci\u00f3n y la regeneraci\u00f3n de los tejidos, ayuda a prevenir las infecciones y reduce las inflamaciones.<\/p>\t\t\t\t\t\t\t\t<\/div>\n\t\t\t\t\t<\/div>\n\t\t<\/div>\n\t\t\t\t\t<\/div>\n\t\t<\/section>\n\t\t\t\t<section class=\"elementor-section elementor-top-section elementor-element elementor-element-a883c06 elementor-section-boxed elementor-section-height-default elementor-section-height-default\" data-id=\"a883c06\" data-element_type=\"section\" data-e-type=\"section\">\n\t\t\t\t\t\t<div class=\"elementor-container elementor-column-gap-default\">\n\t\t\t\t\t<div class=\"elementor-column elementor-col-100 elementor-top-column elementor-element elementor-element-24a2832\" data-id=\"24a2832\" data-element_type=\"column\" data-e-type=\"column\">\n\t\t\t<div class=\"elementor-widget-wrap elementor-element-populated\">\n\t\t\t\t\t\t<div class=\"elementor-element elementor-element-3544717 elementor-widget elementor-widget-text-editor\" data-id=\"3544717\" data-element_type=\"widget\" data-e-type=\"widget\" data-widget_type=\"text-editor.default\">\n\t\t\t\t\t\t\t\t\t<p>No olvides que el pr\u00f3ximo <strong>20 de mayo,<\/strong> es el <strong>d\u00eda de la abeja!<\/strong>.<\/p>\t\t\t\t\t\t\t\t<\/div>\n\t\t\t\t\t<\/div>\n\t\t<\/div>\n\t\t\t\t\t<\/div>\n\t\t<\/section>\n\t\t\t\t<\/div>\n\t\t","protected":false},"excerpt":{"rendered":"<p>En el 2017 la Asamblea General de las Naciones Unidas vot\u00f3 y estableci\u00f3 la instituci\u00f3n de el d\u00eda mundial de La Abeja para promover la protecci\u00f3n, cada d\u00eda mas cr\u00edtica, del cambio clim\u00e1tico, de la contaminaci\u00f3n y del utilizo de pesticidas. El d\u00eda mundial de la Abeja se celebra el 20 de mayo, e inici\u00f3 [&hellip;]<\/p>\n","protected":false},"author":2,"featured_media":5667,"comment_status":"open","ping_status":"open","sticky":false,"template":"","format":"standard","meta":{"_monsterinsights_skip_tracking":false,"_monsterinsights_sitenote_active":false,"_monsterinsights_sitenote_note":"","_monsterinsights_sitenote_category":0,"footnotes":""},"categories":[37,2],"tags":[],"class_list":["post-5665","post","type-post","status-publish","format-standard","has-post-thumbnail","hentry","category-curiosidades","category-general"],"yoast_head":"<!-- This site is optimized with the Yoast SEO plugin v27.5 - https:\/\/yoast.com\/product\/yoast-seo-wordpress\/ -->\n<title>El d\u00eda de La Abeja - Enrique V\u00e1squez - BLOG<\/title>\n<meta name=\"description\" content=\"El d\u00eda mundial de la Abeja se celebra el 20 de mayo, e inici\u00f3 a conmemorarse desde el 2018, con el objetivo de sensibilizar la opini\u00f3n p\u00fablica\" \/>\n<meta name=\"robots\" content=\"index, follow, max-snippet:-1, max-image-preview:large, max-video-preview:-1\" \/>\n<link rel=\"canonical\" href=\"https:\/\/quike.it\/es\/el-dia-de-la-abeja\/\" \/>\n<meta property=\"og:locale\" content=\"es_ES\" \/>\n<meta property=\"og:type\" content=\"article\" \/>\n<meta property=\"og:title\" content=\"El d\u00eda de La Abeja - Enrique V\u00e1squez - BLOG\" \/>\n<meta property=\"og:description\" content=\"El d\u00eda mundial de la Abeja se celebra el 20 de mayo, e inici\u00f3 a conmemorarse desde el 2018, con el objetivo de sensibilizar la opini\u00f3n p\u00fablica\" \/>\n<meta property=\"og:url\" content=\"https:\/\/quike.it\/es\/el-dia-de-la-abeja\/\" \/>\n<meta property=\"og:site_name\" content=\"El BLOG de Enrique V\u00e1squez B.\" \/>\n<meta property=\"article:publisher\" content=\"https:\/\/www.facebook.com\/zeven.sa.1\" \/>\n<meta property=\"article:author\" content=\"https:\/\/www.facebook.com\/zeven.sa.1\" \/>\n<meta property=\"article:published_time\" content=\"2021-05-16T04:42:00+00:00\" \/>\n<meta property=\"og:image\" content=\"https:\/\/quike.it\/es\/wp-content\/uploads\/sites\/3\/2021\/05\/orange-1173991_640.jpg\" \/>\n\t<meta property=\"og:image:width\" content=\"640\" \/>\n\t<meta property=\"og:image:height\" content=\"425\" \/>\n\t<meta property=\"og:image:type\" content=\"image\/jpeg\" \/>\n<meta name=\"author\" content=\"Enrique V\u00e1squez B.\" \/>\n<meta name=\"twitter:card\" content=\"summary_large_image\" \/>\n<meta name=\"twitter:creator\" content=\"@quike1974\" \/>\n<meta name=\"twitter:site\" content=\"@quike1974\" \/>\n<meta name=\"twitter:label1\" content=\"Escrito por\" \/>\n\t<meta name=\"twitter:data1\" content=\"Enrique V\u00e1squez B.\" \/>\n\t<meta name=\"twitter:label2\" content=\"Tiempo de lectura\" \/>\n\t<meta name=\"twitter:data2\" content=\"4 minutos\" \/>\n<script type=\"application\/ld+json\" class=\"yoast-schema-graph\">{\"@context\":\"https:\\\/\\\/schema.org\",\"@graph\":[{\"@type\":\"Article\",\"@id\":\"https:\\\/\\\/quike.it\\\/es\\\/el-dia-de-la-abeja\\\/#article\",\"isPartOf\":{\"@id\":\"https:\\\/\\\/quike.it\\\/es\\\/el-dia-de-la-abeja\\\/\"},\"author\":{\"name\":\"Enrique V\u00e1squez B.\",\"@id\":\"https:\\\/\\\/quike.it\\\/es\\\/#\\\/schema\\\/person\\\/e53c62e8ab2e3f878e77d3a617483cc8\"},\"headline\":\"El d\u00eda de La Abeja\",\"datePublished\":\"2021-05-16T04:42:00+00:00\",\"mainEntityOfPage\":{\"@id\":\"https:\\\/\\\/quike.it\\\/es\\\/el-dia-de-la-abeja\\\/\"},\"wordCount\":683,\"commentCount\":0,\"publisher\":{\"@id\":\"https:\\\/\\\/quike.it\\\/es\\\/#\\\/schema\\\/person\\\/e53c62e8ab2e3f878e77d3a617483cc8\"},\"image\":{\"@id\":\"https:\\\/\\\/quike.it\\\/es\\\/el-dia-de-la-abeja\\\/#primaryimage\"},\"thumbnailUrl\":\"https:\\\/\\\/quike.it\\\/es\\\/wp-content\\\/uploads\\\/sites\\\/3\\\/2021\\\/05\\\/orange-1173991_640.jpg\",\"articleSection\":[\"Curiosidades\",\"General\"],\"inLanguage\":\"es\",\"potentialAction\":[{\"@type\":\"CommentAction\",\"name\":\"Comment\",\"target\":[\"https:\\\/\\\/quike.it\\\/es\\\/el-dia-de-la-abeja\\\/#respond\"]}]},{\"@type\":[\"WebPage\",\"ItemPage\"],\"@id\":\"https:\\\/\\\/quike.it\\\/es\\\/el-dia-de-la-abeja\\\/\",\"url\":\"https:\\\/\\\/quike.it\\\/es\\\/el-dia-de-la-abeja\\\/\",\"name\":\"El d\u00eda de La Abeja - Enrique V\u00e1squez - BLOG\",\"isPartOf\":{\"@id\":\"https:\\\/\\\/quike.it\\\/es\\\/#website\"},\"primaryImageOfPage\":{\"@id\":\"https:\\\/\\\/quike.it\\\/es\\\/el-dia-de-la-abeja\\\/#primaryimage\"},\"image\":{\"@id\":\"https:\\\/\\\/quike.it\\\/es\\\/el-dia-de-la-abeja\\\/#primaryimage\"},\"thumbnailUrl\":\"https:\\\/\\\/quike.it\\\/es\\\/wp-content\\\/uploads\\\/sites\\\/3\\\/2021\\\/05\\\/orange-1173991_640.jpg\",\"datePublished\":\"2021-05-16T04:42:00+00:00\",\"description\":\"El d\u00eda mundial de la Abeja se celebra el 20 de mayo, e inici\u00f3 a conmemorarse desde el 2018, con el objetivo de sensibilizar la opini\u00f3n p\u00fablica\",\"breadcrumb\":{\"@id\":\"https:\\\/\\\/quike.it\\\/es\\\/el-dia-de-la-abeja\\\/#breadcrumb\"},\"inLanguage\":\"es\",\"potentialAction\":[{\"@type\":\"ReadAction\",\"target\":[\"https:\\\/\\\/quike.it\\\/es\\\/el-dia-de-la-abeja\\\/\"]}]},{\"@type\":\"ImageObject\",\"inLanguage\":\"es\",\"@id\":\"https:\\\/\\\/quike.it\\\/es\\\/el-dia-de-la-abeja\\\/#primaryimage\",\"url\":\"https:\\\/\\\/quike.it\\\/es\\\/wp-content\\\/uploads\\\/sites\\\/3\\\/2021\\\/05\\\/orange-1173991_640.jpg\",\"contentUrl\":\"https:\\\/\\\/quike.it\\\/es\\\/wp-content\\\/uploads\\\/sites\\\/3\\\/2021\\\/05\\\/orange-1173991_640.jpg\",\"width\":640,\"height\":425},{\"@type\":\"BreadcrumbList\",\"@id\":\"https:\\\/\\\/quike.it\\\/es\\\/el-dia-de-la-abeja\\\/#breadcrumb\",\"itemListElement\":[{\"@type\":\"ListItem\",\"position\":1,\"name\":\"Inicio\",\"item\":\"https:\\\/\\\/quike.it\\\/es\\\/\"},{\"@type\":\"ListItem\",\"position\":2,\"name\":\"General\",\"item\":\"https:\\\/\\\/quike.it\\\/es\\\/category\\\/general\\\/\"},{\"@type\":\"ListItem\",\"position\":3,\"name\":\"El d\u00eda de La Abeja\"}]},{\"@type\":\"WebSite\",\"@id\":\"https:\\\/\\\/quike.it\\\/es\\\/#website\",\"url\":\"https:\\\/\\\/quike.it\\\/es\\\/\",\"name\":\"El BLOG de Enrique V\u00e1squez B.\",\"description\":\"\",\"publisher\":{\"@id\":\"https:\\\/\\\/quike.it\\\/es\\\/#\\\/schema\\\/person\\\/e53c62e8ab2e3f878e77d3a617483cc8\"},\"potentialAction\":[{\"@type\":\"SearchAction\",\"target\":{\"@type\":\"EntryPoint\",\"urlTemplate\":\"https:\\\/\\\/quike.it\\\/es\\\/?s={search_term_string}\"},\"query-input\":{\"@type\":\"PropertyValueSpecification\",\"valueRequired\":true,\"valueName\":\"search_term_string\"}}],\"inLanguage\":\"es\"},{\"@type\":[\"Person\",\"Organization\"],\"@id\":\"https:\\\/\\\/quike.it\\\/es\\\/#\\\/schema\\\/person\\\/e53c62e8ab2e3f878e77d3a617483cc8\",\"name\":\"Enrique V\u00e1squez B.\",\"image\":{\"@type\":\"ImageObject\",\"inLanguage\":\"es\",\"@id\":\"https:\\\/\\\/quike.it\\\/es\\\/wp-content\\\/uploads\\\/sites\\\/3\\\/2021\\\/02\\\/me.png\",\"url\":\"https:\\\/\\\/quike.it\\\/es\\\/wp-content\\\/uploads\\\/sites\\\/3\\\/2021\\\/02\\\/me.png\",\"contentUrl\":\"https:\\\/\\\/quike.it\\\/es\\\/wp-content\\\/uploads\\\/sites\\\/3\\\/2021\\\/02\\\/me.png\",\"width\":512,\"height\":512,\"caption\":\"Enrique V\u00e1squez B.\"},\"logo\":{\"@id\":\"https:\\\/\\\/quike.it\\\/es\\\/wp-content\\\/uploads\\\/sites\\\/3\\\/2021\\\/02\\\/me.png\"},\"description\":\"Programador desde 1988, con pasi\u00f3n por escribir art\u00edculos de todo tipo. Actualmente desarrolla para ZEVEN S.A. el Sistema de Facturaci\u00f3n Electr\u00f3nica. Ecuatoriano de nacimiento e italiano de residencia, escribe desde G\u00e9nova, ciudad que ha llegado a amar tanto como su natal Guayaquil. Padre de dos hijos que son su orgullo y esposo de una mujer excepcional.\",\"sameAs\":[\"https:\\\/\\\/quike.it\",\"https:\\\/\\\/www.facebook.com\\\/zeven.sa.1\",\"https:\\\/\\\/www.instagram.com\\\/quikev1974\",\"https:\\\/\\\/www.linkedin.com\\\/in\\\/carlos-enrique-vasquez-bautista-074893b\\\/\",\"https:\\\/\\\/x.com\\\/quike1974\"],\"url\":\"https:\\\/\\\/quike.it\\\/es\\\/author\\\/quike\\\/\"}]}<\/script>\n<!-- \/ Yoast SEO plugin. -->","yoast_head_json":{"title":"El d\u00eda de La Abeja - Enrique V\u00e1squez - BLOG","description":"El d\u00eda mundial de la Abeja se celebra el 20 de mayo, e inici\u00f3 a conmemorarse desde el 2018, con el objetivo de sensibilizar la opini\u00f3n p\u00fablica","robots":{"index":"index","follow":"follow","max-snippet":"max-snippet:-1","max-image-preview":"max-image-preview:large","max-video-preview":"max-video-preview:-1"},"canonical":"https:\/\/quike.it\/es\/el-dia-de-la-abeja\/","og_locale":"es_ES","og_type":"article","og_title":"El d\u00eda de La Abeja - Enrique V\u00e1squez - BLOG","og_description":"El d\u00eda mundial de la Abeja se celebra el 20 de mayo, e inici\u00f3 a conmemorarse desde el 2018, con el objetivo de sensibilizar la opini\u00f3n p\u00fablica","og_url":"https:\/\/quike.it\/es\/el-dia-de-la-abeja\/","og_site_name":"El BLOG de Enrique V\u00e1squez B.","article_publisher":"https:\/\/www.facebook.com\/zeven.sa.1","article_author":"https:\/\/www.facebook.com\/zeven.sa.1","article_published_time":"2021-05-16T04:42:00+00:00","og_image":[{"width":640,"height":425,"url":"https:\/\/quike.it\/es\/wp-content\/uploads\/sites\/3\/2021\/05\/orange-1173991_640.jpg","type":"image\/jpeg"}],"author":"Enrique V\u00e1squez B.","twitter_card":"summary_large_image","twitter_creator":"@quike1974","twitter_site":"@quike1974","twitter_misc":{"Escrito por":"Enrique V\u00e1squez B.","Tiempo de lectura":"4 minutos"},"schema":{"@context":"https:\/\/schema.org","@graph":[{"@type":"Article","@id":"https:\/\/quike.it\/es\/el-dia-de-la-abeja\/#article","isPartOf":{"@id":"https:\/\/quike.it\/es\/el-dia-de-la-abeja\/"},"author":{"name":"Enrique V\u00e1squez B.","@id":"https:\/\/quike.it\/es\/#\/schema\/person\/e53c62e8ab2e3f878e77d3a617483cc8"},"headline":"El d\u00eda de La Abeja","datePublished":"2021-05-16T04:42:00+00:00","mainEntityOfPage":{"@id":"https:\/\/quike.it\/es\/el-dia-de-la-abeja\/"},"wordCount":683,"commentCount":0,"publisher":{"@id":"https:\/\/quike.it\/es\/#\/schema\/person\/e53c62e8ab2e3f878e77d3a617483cc8"},"image":{"@id":"https:\/\/quike.it\/es\/el-dia-de-la-abeja\/#primaryimage"},"thumbnailUrl":"https:\/\/quike.it\/es\/wp-content\/uploads\/sites\/3\/2021\/05\/orange-1173991_640.jpg","articleSection":["Curiosidades","General"],"inLanguage":"es","potentialAction":[{"@type":"CommentAction","name":"Comment","target":["https:\/\/quike.it\/es\/el-dia-de-la-abeja\/#respond"]}]},{"@type":["WebPage","ItemPage"],"@id":"https:\/\/quike.it\/es\/el-dia-de-la-abeja\/","url":"https:\/\/quike.it\/es\/el-dia-de-la-abeja\/","name":"El d\u00eda de La Abeja - Enrique V\u00e1squez - BLOG","isPartOf":{"@id":"https:\/\/quike.it\/es\/#website"},"primaryImageOfPage":{"@id":"https:\/\/quike.it\/es\/el-dia-de-la-abeja\/#primaryimage"},"image":{"@id":"https:\/\/quike.it\/es\/el-dia-de-la-abeja\/#primaryimage"},"thumbnailUrl":"https:\/\/quike.it\/es\/wp-content\/uploads\/sites\/3\/2021\/05\/orange-1173991_640.jpg","datePublished":"2021-05-16T04:42:00+00:00","description":"El d\u00eda mundial de la Abeja se celebra el 20 de mayo, e inici\u00f3 a conmemorarse desde el 2018, con el objetivo de sensibilizar la opini\u00f3n p\u00fablica","breadcrumb":{"@id":"https:\/\/quike.it\/es\/el-dia-de-la-abeja\/#breadcrumb"},"inLanguage":"es","potentialAction":[{"@type":"ReadAction","target":["https:\/\/quike.it\/es\/el-dia-de-la-abeja\/"]}]},{"@type":"ImageObject","inLanguage":"es","@id":"https:\/\/quike.it\/es\/el-dia-de-la-abeja\/#primaryimage","url":"https:\/\/quike.it\/es\/wp-content\/uploads\/sites\/3\/2021\/05\/orange-1173991_640.jpg","contentUrl":"https:\/\/quike.it\/es\/wp-content\/uploads\/sites\/3\/2021\/05\/orange-1173991_640.jpg","width":640,"height":425},{"@type":"BreadcrumbList","@id":"https:\/\/quike.it\/es\/el-dia-de-la-abeja\/#breadcrumb","itemListElement":[{"@type":"ListItem","position":1,"name":"Inicio","item":"https:\/\/quike.it\/es\/"},{"@type":"ListItem","position":2,"name":"General","item":"https:\/\/quike.it\/es\/category\/general\/"},{"@type":"ListItem","position":3,"name":"El d\u00eda de La Abeja"}]},{"@type":"WebSite","@id":"https:\/\/quike.it\/es\/#website","url":"https:\/\/quike.it\/es\/","name":"El BLOG de Enrique V\u00e1squez B.","description":"","publisher":{"@id":"https:\/\/quike.it\/es\/#\/schema\/person\/e53c62e8ab2e3f878e77d3a617483cc8"},"potentialAction":[{"@type":"SearchAction","target":{"@type":"EntryPoint","urlTemplate":"https:\/\/quike.it\/es\/?s={search_term_string}"},"query-input":{"@type":"PropertyValueSpecification","valueRequired":true,"valueName":"search_term_string"}}],"inLanguage":"es"},{"@type":["Person","Organization"],"@id":"https:\/\/quike.it\/es\/#\/schema\/person\/e53c62e8ab2e3f878e77d3a617483cc8","name":"Enrique V\u00e1squez B.","image":{"@type":"ImageObject","inLanguage":"es","@id":"https:\/\/quike.it\/es\/wp-content\/uploads\/sites\/3\/2021\/02\/me.png","url":"https:\/\/quike.it\/es\/wp-content\/uploads\/sites\/3\/2021\/02\/me.png","contentUrl":"https:\/\/quike.it\/es\/wp-content\/uploads\/sites\/3\/2021\/02\/me.png","width":512,"height":512,"caption":"Enrique V\u00e1squez B."},"logo":{"@id":"https:\/\/quike.it\/es\/wp-content\/uploads\/sites\/3\/2021\/02\/me.png"},"description":"Programador desde 1988, con pasi\u00f3n por escribir art\u00edculos de todo tipo. Actualmente desarrolla para ZEVEN S.A. el Sistema de Facturaci\u00f3n Electr\u00f3nica. Ecuatoriano de nacimiento e italiano de residencia, escribe desde G\u00e9nova, ciudad que ha llegado a amar tanto como su natal Guayaquil. Padre de dos hijos que son su orgullo y esposo de una mujer excepcional.","sameAs":["https:\/\/quike.it","https:\/\/www.facebook.com\/zeven.sa.1","https:\/\/www.instagram.com\/quikev1974","https:\/\/www.linkedin.com\/in\/carlos-enrique-vasquez-bautista-074893b\/","https:\/\/x.com\/quike1974"],"url":"https:\/\/quike.it\/es\/author\/quike\/"}]}},"_links":{"self":[{"href":"https:\/\/quike.it\/es\/wp-json\/wp\/v2\/posts\/5665","targetHints":{"allow":["GET"]}}],"collection":[{"href":"https:\/\/quike.it\/es\/wp-json\/wp\/v2\/posts"}],"about":[{"href":"https:\/\/quike.it\/es\/wp-json\/wp\/v2\/types\/post"}],"author":[{"embeddable":true,"href":"https:\/\/quike.it\/es\/wp-json\/wp\/v2\/users\/2"}],"replies":[{"embeddable":true,"href":"https:\/\/quike.it\/es\/wp-json\/wp\/v2\/comments?post=5665"}],"version-history":[{"count":39,"href":"https:\/\/quike.it\/es\/wp-json\/wp\/v2\/posts\/5665\/revisions"}],"predecessor-version":[{"id":5711,"href":"https:\/\/quike.it\/es\/wp-json\/wp\/v2\/posts\/5665\/revisions\/5711"}],"wp:featuredmedia":[{"embeddable":true,"href":"https:\/\/quike.it\/es\/wp-json\/wp\/v2\/media\/5667"}],"wp:attachment":[{"href":"https:\/\/quike.it\/es\/wp-json\/wp\/v2\/media?parent=5665"}],"wp:term":[{"taxonomy":"category","embeddable":true,"href":"https:\/\/quike.it\/es\/wp-json\/wp\/v2\/categories?post=5665"},{"taxonomy":"post_tag","embeddable":true,"href":"https:\/\/quike.it\/es\/wp-json\/wp\/v2\/tags?post=5665"}],"curies":[{"name":"wp","href":"https:\/\/api.w.org\/{rel}","templated":true}]}}