{"id":6444,"date":"2021-06-06T21:23:46","date_gmt":"2021-06-06T20:23:46","guid":{"rendered":"https:\/\/quike.it\/es\/?p=6444"},"modified":"2021-06-23T11:50:00","modified_gmt":"2021-06-23T10:50:00","slug":"soluciones-al-problema-con-la-barra-de-tareas-windows-10","status":"publish","type":"post","link":"https:\/\/quike.it\/es\/soluciones-al-problema-con-la-barra-de-tareas-windows-10\/","title":{"rendered":"Soluciones al Problema con la Barra de Tareas Windows 10"},"content":{"rendered":"\t\t<div data-elementor-type=\"wp-post\" data-elementor-id=\"6444\" class=\"elementor elementor-6444\" data-elementor-post-type=\"post\">\n\t\t\t\t\t\t<section class=\"elementor-section elementor-top-section elementor-element elementor-element-1bc1b66 elementor-section-boxed elementor-section-height-default elementor-section-height-default\" data-id=\"1bc1b66\" data-element_type=\"section\" data-e-type=\"section\">\n\t\t\t\t\t\t<div class=\"elementor-container elementor-column-gap-default\">\n\t\t\t\t\t<div class=\"elementor-column elementor-col-100 elementor-top-column elementor-element elementor-element-34f4596\" data-id=\"34f4596\" data-element_type=\"column\" data-e-type=\"column\">\n\t\t\t<div class=\"elementor-widget-wrap elementor-element-populated\">\n\t\t\t\t\t\t<div class=\"elementor-element elementor-element-c1e645d elementor-widget elementor-widget-text-editor\" data-id=\"c1e645d\" data-element_type=\"widget\" data-e-type=\"widget\" data-widget_type=\"text-editor.default\">\n\t\t\t\t\t\t\t\t\t<p>En este art\u00edculo explicaremos las soluciones que nos van informando lo usuarios de <a href=\"https:\/\/quike.it\/es\/novedades-en-windows-10-version-21h1\/\" target=\"_blank\" rel=\"noopener\"><strong>Windows 10 versi\u00f3n 21H1<\/strong><\/a>, cuando luego de haber instalado la <a href=\"https:\/\/quike.it\/es\/actualizacion-windows-10-kb5003214-21h1-20h2\/\" target=\"_blank\" rel=\"noopener\"><strong>actualizaci\u00f3n KB50003214<\/strong><\/a> presentan el <a href=\"https:\/\/quike.it\/es\/kb5003214-causa-problemas-con-la-barra-de-tareas-de-windows-10\/\" target=\"_blank\" rel=\"noopener\"><strong>problema con la barra de tareas<\/strong><\/a> explicado en un <a href=\"https:\/\/quike.it\/es\/kb5003214-causa-problemas-con-la-barra-de-tareas-de-windows-10\/\" target=\"_blank\" rel=\"noopener\"><strong>art\u00edculo anterior de este blog<\/strong><\/a>.<\/p>\t\t\t\t\t\t\t\t<\/div>\n\t\t\t\t\t<\/div>\n\t\t<\/div>\n\t\t\t\t\t<\/div>\n\t\t<\/section>\n\t\t\t\t<section class=\"elementor-section elementor-top-section elementor-element elementor-element-73fc250 elementor-section-boxed elementor-section-height-default elementor-section-height-default\" data-id=\"73fc250\" data-element_type=\"section\" data-e-type=\"section\">\n\t\t\t\t\t\t<div class=\"elementor-container elementor-column-gap-default\">\n\t\t\t\t\t<div class=\"elementor-column elementor-col-100 elementor-top-column elementor-element elementor-element-10a7334\" data-id=\"10a7334\" data-element_type=\"column\" data-e-type=\"column\">\n\t\t\t<div class=\"elementor-widget-wrap elementor-element-populated\">\n\t\t\t\t\t\t<div class=\"elementor-element elementor-element-440ef04 elementor-widget elementor-widget-text-editor\" data-id=\"440ef04\" data-element_type=\"widget\" data-e-type=\"widget\" data-widget_type=\"text-editor.default\">\n\t\t\t\t\t\t\t\t\t<p>Si tienes el problema descrito, el cual se ilustra en la imagen a continuaci\u00f3n, puedes probar a seguir una de las soluciones propuestas. Ademas si has encontrado un m\u00e9todo para resolver el problema, puedes se\u00f1alarlo dejando tu comentario en este art\u00edculo.<\/p>\t\t\t\t\t\t\t\t<\/div>\n\t\t\t\t<div class=\"elementor-element elementor-element-a62eb9e elementor-widget elementor-widget-image\" data-id=\"a62eb9e\" data-element_type=\"widget\" data-e-type=\"widget\" data-widget_type=\"image.default\">\n\t\t\t\t\t\t\t\t\t\t\t\t<figure class=\"wp-caption\">\n\t\t\t\t\t\t\t\t\t\t<img decoding=\"async\" width=\"542\" height=\"40\" src=\"https:\/\/quike.it\/es\/wp-content\/uploads\/sites\/3\/2021\/05\/Blank-system-tray.jpg\" class=\"attachment-large size-large wp-image-6322\" alt=\"KB5003214 causa problemas\" srcset=\"https:\/\/quike.it\/es\/wp-content\/uploads\/sites\/3\/2021\/05\/Blank-system-tray.jpg 542w, https:\/\/quike.it\/es\/wp-content\/uploads\/sites\/3\/2021\/05\/Blank-system-tray-300x22.jpg 300w\" sizes=\"(max-width: 542px) 100vw, 542px\" \/>\t\t\t\t\t\t\t\t\t\t\t<figcaption class=\"widget-image-caption wp-caption-text\">La barra de tareas en su lado izquierdo pierde los iconos y el reloj<\/figcaption>\n\t\t\t\t\t\t\t\t\t\t<\/figure>\n\t\t\t\t\t\t\t\t\t<\/div>\n\t\t\t\t<div class=\"elementor-element elementor-element-b01e568 elementor-widget elementor-widget-image\" data-id=\"b01e568\" data-element_type=\"widget\" data-e-type=\"widget\" data-widget_type=\"image.default\">\n\t\t\t\t\t\t\t\t\t\t\t\t<figure class=\"wp-caption\">\n\t\t\t\t\t\t\t\t\t\t<img decoding=\"async\" width=\"385\" height=\"48\" src=\"https:\/\/quike.it\/es\/wp-content\/uploads\/sites\/3\/2021\/05\/blog_420.png\" class=\"attachment-large size-large wp-image-6336\" alt=\"\" srcset=\"https:\/\/quike.it\/es\/wp-content\/uploads\/sites\/3\/2021\/05\/blog_420.png 385w, https:\/\/quike.it\/es\/wp-content\/uploads\/sites\/3\/2021\/05\/blog_420-300x37.png 300w\" sizes=\"(max-width: 385px) 100vw, 385px\" \/>\t\t\t\t\t\t\t\t\t\t\t<figcaption class=\"widget-image-caption wp-caption-text\">Los iconos se ven distorsionados y sobrepuestos<\/figcaption>\n\t\t\t\t\t\t\t\t\t\t<\/figure>\n\t\t\t\t\t\t\t\t\t<\/div>\n\t\t\t\t\t<\/div>\n\t\t<\/div>\n\t\t\t\t\t<\/div>\n\t\t<\/section>\n\t\t\t\t<section class=\"elementor-section elementor-top-section elementor-element elementor-element-db9a991 elementor-section-boxed elementor-section-height-default elementor-section-height-default\" data-id=\"db9a991\" data-element_type=\"section\" data-e-type=\"section\">\n\t\t\t\t\t\t<div class=\"elementor-container elementor-column-gap-default\">\n\t\t\t\t\t<div class=\"elementor-column elementor-col-100 elementor-top-column elementor-element elementor-element-a6cec3c\" data-id=\"a6cec3c\" data-element_type=\"column\" data-e-type=\"column\">\n\t\t\t<div class=\"elementor-widget-wrap elementor-element-populated\">\n\t\t\t\t\t\t<div class=\"elementor-element elementor-element-88b583e elementor-widget elementor-widget-text-editor\" data-id=\"88b583e\" data-element_type=\"widget\" data-e-type=\"widget\" data-widget_type=\"text-editor.default\">\n\t\t\t\t\t\t\t\t\t<p>Te este post entre tus favoritos, ya que lo actualizaremos cada vez que se nos presenten o encontremos una nueva soluci\u00f3n<\/p>\t\t\t\t\t\t\t\t<\/div>\n\t\t\t\t\t<\/div>\n\t\t<\/div>\n\t\t\t\t\t<\/div>\n\t\t<\/section>\n\t\t\t\t<section class=\"elementor-section elementor-top-section elementor-element elementor-element-022ea65 elementor-section-boxed elementor-section-height-default elementor-section-height-default\" data-id=\"022ea65\" data-element_type=\"section\" data-e-type=\"section\">\n\t\t\t\t\t\t<div class=\"elementor-container elementor-column-gap-default\">\n\t\t\t\t\t<div class=\"elementor-column elementor-col-100 elementor-top-column elementor-element elementor-element-31919d7\" data-id=\"31919d7\" data-element_type=\"column\" data-e-type=\"column\">\n\t\t\t<div class=\"elementor-widget-wrap elementor-element-populated\">\n\t\t\t\t\t\t<div class=\"elementor-element elementor-element-41b7a2e elementor-widget elementor-widget-text-editor\" data-id=\"41b7a2e\" data-element_type=\"widget\" data-e-type=\"widget\" data-widget_type=\"text-editor.default\">\n\t\t\t\t\t\t\t\t\t<p><strong>Soluciones encontradas.<\/strong><\/p><ul><li><a href=\"#desinstalar\"><strong>Desinstalar la actualizacion.<\/strong><\/a><\/li><li><a href=\"#noticias\"><strong>Minimizar el utilizo de Noticias e Intereses<\/strong><\/a><\/li><li><a href=\"#desde-iso\"><strong>Instalar Windows 10 21H1 desde la imagen ISO<\/strong><\/a><\/li><li><a href=\"#kb5003637\"><strong>Instalar KB5003637<\/strong><\/a><\/li><li><a href=\"#ajustar-pantalla\"><strong>Ajustar el valor de escala de Pantalla<\/strong><\/a><\/li><li><a href=\"https:\/\/quike.it\/es\/windows-10-kb5003690-21h1-20h2-con-aumento-la-velocidad\/\" target=\"_blank\" rel=\"noopener\"><strong>Instalar la actualizaci\u00f3n opcional KB5003690<\/strong><\/a><\/li><\/ul>\t\t\t\t\t\t\t\t<\/div>\n\t\t\t\t\t<\/div>\n\t\t<\/div>\n\t\t\t\t\t<\/div>\n\t\t<\/section>\n\t\t\t\t<section class=\"elementor-section elementor-top-section elementor-element elementor-element-73072a0 elementor-section-boxed elementor-section-height-default elementor-section-height-default\" data-id=\"73072a0\" data-element_type=\"section\" data-e-type=\"section\">\n\t\t\t\t\t\t<div class=\"elementor-container elementor-column-gap-default\">\n\t\t\t\t\t<div class=\"elementor-column elementor-col-100 elementor-top-column elementor-element elementor-element-5dc8b0d\" data-id=\"5dc8b0d\" data-element_type=\"column\" data-e-type=\"column\">\n\t\t\t<div class=\"elementor-widget-wrap elementor-element-populated\">\n\t\t\t\t\t\t<div class=\"elementor-element elementor-element-651f3b7 elementor-widget elementor-widget-menu-anchor\" data-id=\"651f3b7\" data-element_type=\"widget\" data-e-type=\"widget\" data-widget_type=\"menu-anchor.default\">\n\t\t\t\t\t\t\t<div class=\"elementor-menu-anchor\" id=\"desinstalar\"><\/div>\n\t\t\t\t\t\t<\/div>\n\t\t\t\t<div class=\"elementor-element elementor-element-807ebd5 elementor-widget elementor-widget-heading\" data-id=\"807ebd5\" data-element_type=\"widget\" data-e-type=\"widget\" data-widget_type=\"heading.default\">\n\t\t\t\t\t<h2 class=\"elementor-heading-title elementor-size-default\">Desinstalar la actualizaci\u00f3n<\/h2>\t\t\t\t<\/div>\n\t\t\t\t\t<\/div>\n\t\t<\/div>\n\t\t\t\t\t<\/div>\n\t\t<\/section>\n\t\t\t\t<section class=\"elementor-section elementor-top-section elementor-element elementor-element-df5cda7 elementor-section-boxed elementor-section-height-default elementor-section-height-default\" data-id=\"df5cda7\" data-element_type=\"section\" data-e-type=\"section\">\n\t\t\t\t\t\t<div class=\"elementor-container elementor-column-gap-default\">\n\t\t\t\t\t<div class=\"elementor-column elementor-col-100 elementor-top-column elementor-element elementor-element-0ca2556\" data-id=\"0ca2556\" data-element_type=\"column\" data-e-type=\"column\">\n\t\t\t<div class=\"elementor-widget-wrap elementor-element-populated\">\n\t\t\t\t\t\t<div class=\"elementor-element elementor-element-8c1452b elementor-widget elementor-widget-text-editor\" data-id=\"8c1452b\" data-element_type=\"widget\" data-e-type=\"widget\" data-widget_type=\"text-editor.default\">\n\t\t\t\t\t\t\t\t\t<p>La primera y m\u00e1s r\u00e1pida soluci\u00f3n es desinstalar <strong>KB5003214,<\/strong> para esto nos dirigimos a la secci\u00f3n de actualizaciones siguiendo: <em><strong>Windows &#8211;&gt; Configuraci\u00f3n &#8211;&gt; Actualizaci\u00f3n y Seguridad &#8211;&gt; Ver historial de actualizaciones &#8211;&gt; Desinstalar las actualizaciones.<\/strong><\/em><\/p>\t\t\t\t\t\t\t\t<\/div>\n\t\t\t\t\t<\/div>\n\t\t<\/div>\n\t\t\t\t\t<\/div>\n\t\t<\/section>\n\t\t\t\t<section class=\"elementor-section elementor-top-section elementor-element elementor-element-6d6d86a elementor-section-boxed elementor-section-height-default elementor-section-height-default\" data-id=\"6d6d86a\" data-element_type=\"section\" data-e-type=\"section\">\n\t\t\t\t\t\t<div class=\"elementor-container elementor-column-gap-default\">\n\t\t\t\t\t<div class=\"elementor-column elementor-col-100 elementor-top-column elementor-element elementor-element-817ae9d\" data-id=\"817ae9d\" data-element_type=\"column\" data-e-type=\"column\">\n\t\t\t<div class=\"elementor-widget-wrap elementor-element-populated\">\n\t\t\t\t\t\t<div class=\"elementor-element elementor-element-4f6aad4 elementor-widget elementor-widget-image\" data-id=\"4f6aad4\" data-element_type=\"widget\" data-e-type=\"widget\" data-widget_type=\"image.default\">\n\t\t\t\t\t\t\t\t\t\t\t\t\t\t\t<img fetchpriority=\"high\" decoding=\"async\" width=\"800\" height=\"259\" src=\"https:\/\/quike.it\/es\/wp-content\/uploads\/sites\/3\/2021\/06\/blog_428-1024x331.png\" class=\"attachment-large size-large wp-image-6449\" alt=\"problema barra de tareas\" srcset=\"https:\/\/quike.it\/es\/wp-content\/uploads\/sites\/3\/2021\/06\/blog_428-1024x331.png 1024w, https:\/\/quike.it\/es\/wp-content\/uploads\/sites\/3\/2021\/06\/blog_428-300x97.png 300w, https:\/\/quike.it\/es\/wp-content\/uploads\/sites\/3\/2021\/06\/blog_428-768x248.png 768w, https:\/\/quike.it\/es\/wp-content\/uploads\/sites\/3\/2021\/06\/blog_428.png 1115w\" sizes=\"(max-width: 800px) 100vw, 800px\" \/>\t\t\t\t\t\t\t\t\t\t\t\t\t\t\t<\/div>\n\t\t\t\t\t<\/div>\n\t\t<\/div>\n\t\t\t\t\t<\/div>\n\t\t<\/section>\n\t\t\t\t<section class=\"elementor-section elementor-top-section elementor-element elementor-element-a1da56e elementor-section-boxed elementor-section-height-default elementor-section-height-default\" data-id=\"a1da56e\" data-element_type=\"section\" data-e-type=\"section\">\n\t\t\t\t\t\t<div class=\"elementor-container elementor-column-gap-default\">\n\t\t\t\t\t<div class=\"elementor-column elementor-col-100 elementor-top-column elementor-element elementor-element-b817f80\" data-id=\"b817f80\" data-element_type=\"column\" data-e-type=\"column\">\n\t\t\t<div class=\"elementor-widget-wrap elementor-element-populated\">\n\t\t\t\t\t\t<div class=\"elementor-element elementor-element-3c79c84 elementor-widget elementor-widget-text-editor\" data-id=\"3c79c84\" data-element_type=\"widget\" data-e-type=\"widget\" data-widget_type=\"text-editor.default\">\n\t\t\t\t\t\t\t\t\t<p>Buscamos entre los elementos instalados la <a href=\"https:\/\/quike.it\/es\/actualizacion-windows-10-kb5003214-21h1-20h2\/\" target=\"_blank\" rel=\"noopener\"><strong>actualizaci\u00f3n KB5003214<\/strong><\/a> y mediante un clic derecho usamos la opci\u00f3n Desinstalar.<\/p>\t\t\t\t\t\t\t\t<\/div>\n\t\t\t\t\t<\/div>\n\t\t<\/div>\n\t\t\t\t\t<\/div>\n\t\t<\/section>\n\t\t\t\t<section class=\"elementor-section elementor-top-section elementor-element elementor-element-6aef6e6 elementor-section-boxed elementor-section-height-default elementor-section-height-default\" data-id=\"6aef6e6\" data-element_type=\"section\" data-e-type=\"section\">\n\t\t\t\t\t\t<div class=\"elementor-container elementor-column-gap-default\">\n\t\t\t\t\t<div class=\"elementor-column elementor-col-100 elementor-top-column elementor-element elementor-element-53cb5f0\" data-id=\"53cb5f0\" data-element_type=\"column\" data-e-type=\"column\">\n\t\t\t<div class=\"elementor-widget-wrap elementor-element-populated\">\n\t\t\t\t\t\t<div class=\"elementor-element elementor-element-86f1e57 elementor-widget elementor-widget-menu-anchor\" data-id=\"86f1e57\" data-element_type=\"widget\" data-e-type=\"widget\" data-widget_type=\"menu-anchor.default\">\n\t\t\t\t\t\t\t<div class=\"elementor-menu-anchor\" id=\"noticias\"><\/div>\n\t\t\t\t\t\t<\/div>\n\t\t\t\t<div class=\"elementor-element elementor-element-b9abc6d elementor-widget elementor-widget-heading\" data-id=\"b9abc6d\" data-element_type=\"widget\" data-e-type=\"widget\" data-widget_type=\"heading.default\">\n\t\t\t\t\t<h2 class=\"elementor-heading-title elementor-size-default\">Minimizar el utilizo de Noticias e Intereses<\/h2>\t\t\t\t<\/div>\n\t\t\t\t\t<\/div>\n\t\t<\/div>\n\t\t\t\t\t<\/div>\n\t\t<\/section>\n\t\t\t\t<section class=\"elementor-section elementor-top-section elementor-element elementor-element-be17530 elementor-section-boxed elementor-section-height-default elementor-section-height-default\" data-id=\"be17530\" data-element_type=\"section\" data-e-type=\"section\">\n\t\t\t\t\t\t<div class=\"elementor-container elementor-column-gap-default\">\n\t\t\t\t\t<div class=\"elementor-column elementor-col-100 elementor-top-column elementor-element elementor-element-f3c08fe\" data-id=\"f3c08fe\" data-element_type=\"column\" data-e-type=\"column\">\n\t\t\t<div class=\"elementor-widget-wrap elementor-element-populated\">\n\t\t\t\t\t\t<div class=\"elementor-element elementor-element-72e1527 elementor-widget elementor-widget-text-editor\" data-id=\"72e1527\" data-element_type=\"widget\" data-e-type=\"widget\" data-widget_type=\"text-editor.default\">\n\t\t\t\t\t\t\t\t\t<p>Si luego de instalar <strong>KB5003214<\/strong> quitaste la opci\u00f3n <em><strong>Noticias e intereses<\/strong><\/em>, como en mi caso personal, y tu Windows era de la <strong>versi\u00f3n 20H2<\/strong>, entonces es probable que la soluci\u00f3n adoptada pueda resolver el problema.<\/p><p>Prueba a dejar la configuraci\u00f3n <em><strong>Noticias e Intereses<\/strong><\/em> de la siguiente manera, haciendo un <strong>clic<\/strong> derecho sobre la barra de tareas.<\/p>\t\t\t\t\t\t\t\t<\/div>\n\t\t\t\t<div class=\"elementor-element elementor-element-0336abc elementor-widget elementor-widget-image\" data-id=\"0336abc\" data-element_type=\"widget\" data-e-type=\"widget\" data-widget_type=\"image.default\">\n\t\t\t\t\t\t\t\t\t\t\t\t\t\t\t<img loading=\"lazy\" decoding=\"async\" width=\"800\" height=\"625\" src=\"https:\/\/quike.it\/es\/wp-content\/uploads\/sites\/3\/2021\/06\/blog_429.png\" class=\"attachment-large size-large wp-image-6450\" alt=\"problema barra de tareas\" srcset=\"https:\/\/quike.it\/es\/wp-content\/uploads\/sites\/3\/2021\/06\/blog_429.png 834w, https:\/\/quike.it\/es\/wp-content\/uploads\/sites\/3\/2021\/06\/blog_429-300x235.png 300w, https:\/\/quike.it\/es\/wp-content\/uploads\/sites\/3\/2021\/06\/blog_429-768x600.png 768w\" sizes=\"(max-width: 800px) 100vw, 800px\" \/>\t\t\t\t\t\t\t\t\t\t\t\t\t\t\t<\/div>\n\t\t\t\t\t<\/div>\n\t\t<\/div>\n\t\t\t\t\t<\/div>\n\t\t<\/section>\n\t\t\t\t<section class=\"elementor-section elementor-top-section elementor-element elementor-element-57cd51f elementor-section-boxed elementor-section-height-default elementor-section-height-default\" data-id=\"57cd51f\" data-element_type=\"section\" data-e-type=\"section\">\n\t\t\t\t\t\t<div class=\"elementor-container elementor-column-gap-default\">\n\t\t\t\t\t<div class=\"elementor-column elementor-col-100 elementor-top-column elementor-element elementor-element-63867f9\" data-id=\"63867f9\" data-element_type=\"column\" data-e-type=\"column\">\n\t\t\t<div class=\"elementor-widget-wrap elementor-element-populated\">\n\t\t\t\t\t\t<div class=\"elementor-element elementor-element-c41b05e elementor-widget elementor-widget-text-editor\" data-id=\"c41b05e\" data-element_type=\"widget\" data-e-type=\"widget\" data-widget_type=\"text-editor.default\">\n\t\t\t\t\t\t\t\t\t<p>No me gusta tener activa la opci\u00f3n <em><strong>Noticias e intereses<\/strong><\/em> sobre todo porque al pasar el puntero por ese icono se abr\u00edan autom\u00e1ticamente una ventana con las noticias.<\/p><p>De esta forma se reduce al limite su funcionalidad, y ya van dos semanas que no se presenta el problema con la barra de tareas.<\/p><p>Si desactivo por completo la opci\u00f3n <em><strong>Noticias e Intereses<\/strong><\/em> el problema se presenta puntualmente.<\/p>\t\t\t\t\t\t\t\t<\/div>\n\t\t\t\t\t<\/div>\n\t\t<\/div>\n\t\t\t\t\t<\/div>\n\t\t<\/section>\n\t\t\t\t<section class=\"elementor-section elementor-top-section elementor-element elementor-element-f0c8dc0 elementor-section-boxed elementor-section-height-default elementor-section-height-default\" data-id=\"f0c8dc0\" data-element_type=\"section\" data-e-type=\"section\">\n\t\t\t\t\t\t<div class=\"elementor-container elementor-column-gap-default\">\n\t\t\t\t\t<div class=\"elementor-column elementor-col-100 elementor-top-column elementor-element elementor-element-39e63df\" data-id=\"39e63df\" data-element_type=\"column\" data-e-type=\"column\">\n\t\t\t<div class=\"elementor-widget-wrap elementor-element-populated\">\n\t\t\t\t\t\t<div class=\"elementor-element elementor-element-d805782 elementor-widget elementor-widget-menu-anchor\" data-id=\"d805782\" data-element_type=\"widget\" data-e-type=\"widget\" data-widget_type=\"menu-anchor.default\">\n\t\t\t\t\t\t\t<div class=\"elementor-menu-anchor\" id=\"desde-iso\"><\/div>\n\t\t\t\t\t\t<\/div>\n\t\t\t\t<div class=\"elementor-element elementor-element-fc36763 elementor-widget elementor-widget-heading\" data-id=\"fc36763\" data-element_type=\"widget\" data-e-type=\"widget\" data-widget_type=\"heading.default\">\n\t\t\t\t\t<h2 class=\"elementor-heading-title elementor-size-default\">Instalar Windows 10 21H1 desde una imagen ISO<\/h2>\t\t\t\t<\/div>\n\t\t\t\t\t<\/div>\n\t\t<\/div>\n\t\t\t\t\t<\/div>\n\t\t<\/section>\n\t\t\t\t<section class=\"elementor-section elementor-top-section elementor-element elementor-element-8369234 elementor-section-boxed elementor-section-height-default elementor-section-height-default\" data-id=\"8369234\" data-element_type=\"section\" data-e-type=\"section\">\n\t\t\t\t\t\t<div class=\"elementor-container elementor-column-gap-default\">\n\t\t\t\t\t<div class=\"elementor-column elementor-col-100 elementor-top-column elementor-element elementor-element-549b4c5\" data-id=\"549b4c5\" data-element_type=\"column\" data-e-type=\"column\">\n\t\t\t<div class=\"elementor-widget-wrap elementor-element-populated\">\n\t\t\t\t\t\t<div class=\"elementor-element elementor-element-f3887c5 elementor-widget elementor-widget-text-editor\" data-id=\"f3887c5\" data-element_type=\"widget\" data-e-type=\"widget\" data-widget_type=\"text-editor.default\">\n\t\t\t\t\t\t\t\t\t<p>Muchos usuarios que optaron por instalar la versi\u00f3n <strong>Windows 21H1<\/strong> a <a href=\"https:\/\/quike.it\/es\/como-descargar-la-imagen-iso-de-la-actualizacion-windows-10-de-mayo-2021-21h1\/\" target=\"_blank\" rel=\"noopener\"><strong>partir de la ISO<\/strong><\/a>, y que luego instalaron <strong>KB5003214<\/strong> no han experimentado el error gr\u00e1fico de la barra de tareas.<\/p><p>Por lo consiguiente puedes probar a instalar la actualizaci\u00f3n a <a href=\"https:\/\/quike.it\/es\/novedades-en-windows-10-version-21h1\/\" target=\"_blank\" rel=\"noopener\"><strong>Windows 21H1<\/strong><\/a> siguiendo el procedimiento indicado en <a href=\"https:\/\/quike.it\/es\/como-actualizar-windows-10-a-la-version-21h1-de-mayo-2021\/\" target=\"_blank\" rel=\"noopener\"><strong>este art\u00edculo<\/strong><\/a>.<\/p><p>No te preocupes, si sigues cuidadosamente el procedimiento, <strong>no se pierden datos<\/strong>, ya que no se trata de un <a href=\"https:\/\/es.wikipedia.org\/wiki\/Formato_de_disco\" target=\"_blank\" rel=\"noopener\">formateo del disco<\/a> ni de una instalaci\u00f3n desde cero.<\/p>\t\t\t\t\t\t\t\t<\/div>\n\t\t\t\t\t<\/div>\n\t\t<\/div>\n\t\t\t\t\t<\/div>\n\t\t<\/section>\n\t\t\t\t<section class=\"elementor-section elementor-top-section elementor-element elementor-element-1595c54 elementor-section-boxed elementor-section-height-default elementor-section-height-default\" data-id=\"1595c54\" data-element_type=\"section\" data-e-type=\"section\">\n\t\t\t\t\t\t<div class=\"elementor-container elementor-column-gap-default\">\n\t\t\t\t\t<div class=\"elementor-column elementor-col-100 elementor-top-column elementor-element elementor-element-b85380d\" data-id=\"b85380d\" data-element_type=\"column\" data-e-type=\"column\">\n\t\t\t<div class=\"elementor-widget-wrap elementor-element-populated\">\n\t\t\t\t\t\t<div class=\"elementor-element elementor-element-74434b2 elementor-widget elementor-widget-menu-anchor\" data-id=\"74434b2\" data-element_type=\"widget\" data-e-type=\"widget\" data-widget_type=\"menu-anchor.default\">\n\t\t\t\t\t\t\t<div class=\"elementor-menu-anchor\" id=\"kb5003637\"><\/div>\n\t\t\t\t\t\t<\/div>\n\t\t\t\t<div class=\"elementor-element elementor-element-585a6fe elementor-widget elementor-widget-heading\" data-id=\"585a6fe\" data-element_type=\"widget\" data-e-type=\"widget\" data-widget_type=\"heading.default\">\n\t\t\t\t\t<h2 class=\"elementor-heading-title elementor-size-default\">Instalar KB5003637<\/h2>\t\t\t\t<\/div>\n\t\t\t\t\t<\/div>\n\t\t<\/div>\n\t\t\t\t\t<\/div>\n\t\t<\/section>\n\t\t\t\t<section class=\"elementor-section elementor-top-section elementor-element elementor-element-e86cc78 elementor-section-boxed elementor-section-height-default elementor-section-height-default\" data-id=\"e86cc78\" data-element_type=\"section\" data-e-type=\"section\">\n\t\t\t\t\t\t<div class=\"elementor-container elementor-column-gap-default\">\n\t\t\t\t\t<div class=\"elementor-column elementor-col-100 elementor-top-column elementor-element elementor-element-ba6b584\" data-id=\"ba6b584\" data-element_type=\"column\" data-e-type=\"column\">\n\t\t\t<div class=\"elementor-widget-wrap elementor-element-populated\">\n\t\t\t\t\t\t<div class=\"elementor-element elementor-element-4bd0083 elementor-widget elementor-widget-text-editor\" data-id=\"4bd0083\" data-element_type=\"widget\" data-e-type=\"widget\" data-widget_type=\"text-editor.default\">\n\t\t\t\t\t\t\t\t\t<p>Al Parecer <strong>Microsoft<\/strong> public\u00f3 una nueva actualizaci\u00f3n que podr\u00eda contener la correcci\u00f3n al problema.\u00a0<\/p><p>Se trata de la<a href=\"https:\/\/quike.it\/es\/actualizacion-windows-10-kb5003637\/\" target=\"_blank\" rel=\"noopener\"><strong> actualizaci\u00f3n KB5003637<\/strong><\/a>.<\/p>\t\t\t\t\t\t\t\t<\/div>\n\t\t\t\t\t<\/div>\n\t\t<\/div>\n\t\t\t\t\t<\/div>\n\t\t<\/section>\n\t\t\t\t<section class=\"elementor-section elementor-top-section elementor-element elementor-element-7f53049 elementor-section-boxed elementor-section-height-default elementor-section-height-default\" data-id=\"7f53049\" data-element_type=\"section\" data-e-type=\"section\">\n\t\t\t\t\t\t<div class=\"elementor-container elementor-column-gap-default\">\n\t\t\t\t\t<div class=\"elementor-column elementor-col-100 elementor-top-column elementor-element elementor-element-ccc998d\" data-id=\"ccc998d\" data-element_type=\"column\" data-e-type=\"column\">\n\t\t\t<div class=\"elementor-widget-wrap elementor-element-populated\">\n\t\t\t\t\t\t<div class=\"elementor-element elementor-element-7bad7a4 elementor-widget elementor-widget-menu-anchor\" data-id=\"7bad7a4\" data-element_type=\"widget\" data-e-type=\"widget\" data-widget_type=\"menu-anchor.default\">\n\t\t\t\t\t\t\t<div class=\"elementor-menu-anchor\" id=\"ajustar-pantalla\"><\/div>\n\t\t\t\t\t\t<\/div>\n\t\t\t\t<div class=\"elementor-element elementor-element-97cfec4 elementor-widget elementor-widget-heading\" data-id=\"97cfec4\" data-element_type=\"widget\" data-e-type=\"widget\" data-widget_type=\"heading.default\">\n\t\t\t\t\t<h2 class=\"elementor-heading-title elementor-size-default\">Ajustar el valor de Escala de Pantalla<\/h2>\t\t\t\t<\/div>\n\t\t\t\t\t<\/div>\n\t\t<\/div>\n\t\t\t\t\t<\/div>\n\t\t<\/section>\n\t\t\t\t<section class=\"elementor-section elementor-top-section elementor-element elementor-element-d77c8c7 elementor-section-boxed elementor-section-height-default elementor-section-height-default\" data-id=\"d77c8c7\" data-element_type=\"section\" data-e-type=\"section\">\n\t\t\t\t\t\t<div class=\"elementor-container elementor-column-gap-default\">\n\t\t\t\t\t<div class=\"elementor-column elementor-col-100 elementor-top-column elementor-element elementor-element-818b645\" data-id=\"818b645\" data-element_type=\"column\" data-e-type=\"column\">\n\t\t\t<div class=\"elementor-widget-wrap elementor-element-populated\">\n\t\t\t\t\t\t<div class=\"elementor-element elementor-element-79da1a5 elementor-widget elementor-widget-text-editor\" data-id=\"79da1a5\" data-element_type=\"widget\" data-e-type=\"widget\" data-widget_type=\"text-editor.default\">\n\t\t\t\t\t\t\t\t\t<p>Algunos usuarios nos reportan que solucionaron el problema, regresando a los valores recomendados de la escala de pantalla.<\/p>\t\t\t\t\t\t\t\t<\/div>\n\t\t\t\t\t<\/div>\n\t\t<\/div>\n\t\t\t\t\t<\/div>\n\t\t<\/section>\n\t\t\t\t<section class=\"elementor-section elementor-top-section elementor-element elementor-element-8b4c10e elementor-section-boxed elementor-section-height-default elementor-section-height-default\" data-id=\"8b4c10e\" data-element_type=\"section\" data-e-type=\"section\">\n\t\t\t\t\t\t<div class=\"elementor-container elementor-column-gap-default\">\n\t\t\t\t\t<div class=\"elementor-column elementor-col-100 elementor-top-column elementor-element elementor-element-dbe60e5\" data-id=\"dbe60e5\" data-element_type=\"column\" data-e-type=\"column\">\n\t\t\t<div class=\"elementor-widget-wrap elementor-element-populated\">\n\t\t\t\t\t\t<div class=\"elementor-element elementor-element-92baed8 elementor-widget elementor-widget-image\" data-id=\"92baed8\" data-element_type=\"widget\" data-e-type=\"widget\" data-widget_type=\"image.default\">\n\t\t\t\t\t\t\t\t\t\t\t\t\t\t\t<img loading=\"lazy\" decoding=\"async\" width=\"800\" height=\"710\" src=\"https:\/\/quike.it\/es\/wp-content\/uploads\/sites\/3\/2021\/06\/blog_431-1024x909.png\" class=\"attachment-large size-large wp-image-6579\" alt=\"\" srcset=\"https:\/\/quike.it\/es\/wp-content\/uploads\/sites\/3\/2021\/06\/blog_431-1024x909.png 1024w, https:\/\/quike.it\/es\/wp-content\/uploads\/sites\/3\/2021\/06\/blog_431-300x266.png 300w, https:\/\/quike.it\/es\/wp-content\/uploads\/sites\/3\/2021\/06\/blog_431-768x681.png 768w, https:\/\/quike.it\/es\/wp-content\/uploads\/sites\/3\/2021\/06\/blog_431.png 1029w\" sizes=\"(max-width: 800px) 100vw, 800px\" \/>\t\t\t\t\t\t\t\t\t\t\t\t\t\t\t<\/div>\n\t\t\t\t\t<\/div>\n\t\t<\/div>\n\t\t\t\t\t<\/div>\n\t\t<\/section>\n\t\t\t\t<section class=\"elementor-section elementor-top-section elementor-element elementor-element-0cae82d elementor-section-boxed elementor-section-height-default elementor-section-height-default\" data-id=\"0cae82d\" data-element_type=\"section\" data-e-type=\"section\">\n\t\t\t\t\t\t<div class=\"elementor-container elementor-column-gap-default\">\n\t\t\t\t\t<div class=\"elementor-column elementor-col-100 elementor-top-column elementor-element elementor-element-d036bbd\" data-id=\"d036bbd\" data-element_type=\"column\" data-e-type=\"column\">\n\t\t\t<div class=\"elementor-widget-wrap elementor-element-populated\">\n\t\t\t\t\t\t<div class=\"elementor-element elementor-element-1ac8d38 elementor-widget elementor-widget-text-editor\" data-id=\"1ac8d38\" data-element_type=\"widget\" data-e-type=\"widget\" data-widget_type=\"text-editor.default\">\n\t\t\t\t\t\t\t\t\t<p>Si se ha cambiado esta configuraci\u00f3n, entonces probar a indicar los valores recomendados.<\/p><p>Una vez hecho, se necesita cerrar la sesi\u00f3n y volver a entrar en la misma.<\/p>\t\t\t\t\t\t\t\t<\/div>\n\t\t\t\t\t<\/div>\n\t\t<\/div>\n\t\t\t\t\t<\/div>\n\t\t<\/section>\n\t\t\t\t<\/div>\n\t\t","protected":false},"excerpt":{"rendered":"<p>En este art\u00edculo explicaremos las soluciones que nos van informando lo usuarios de Windows 10 versi\u00f3n 21H1, cuando luego de haber instalado la actualizaci\u00f3n KB50003214 presentan el problema con la barra de tareas explicado en un art\u00edculo anterior de este blog. Si tienes el problema descrito, el cual se ilustra en la imagen a continuaci\u00f3n, [&hellip;]<\/p>\n","protected":false},"author":2,"featured_media":6311,"comment_status":"open","ping_status":"open","sticky":false,"template":"","format":"standard","meta":{"_monsterinsights_skip_tracking":false,"_monsterinsights_sitenote_active":false,"_monsterinsights_sitenote_note":"","_monsterinsights_sitenote_category":0,"footnotes":""},"categories":[1,25,28],"tags":[],"class_list":["post-6444","post","type-post","status-publish","format-standard","has-post-thumbnail","hentry","category-informatica","category-sistemas-operativos","category-windows"],"yoast_head":"<!-- This site is optimized with the Yoast SEO plugin v27.5 - https:\/\/yoast.com\/product\/yoast-seo-wordpress\/ -->\n<title>Soluciones al Problema con la Barra de Tareas Windows 10 -<\/title>\n<meta name=\"description\" content=\"explicaremos las soluciones, luego de haber instalado la actualizaci\u00f3n KB50003214 presentan el problema con la barra de tareas explicado\" \/>\n<meta name=\"robots\" content=\"index, follow, max-snippet:-1, max-image-preview:large, max-video-preview:-1\" \/>\n<link rel=\"canonical\" href=\"https:\/\/quike.it\/es\/soluciones-al-problema-con-la-barra-de-tareas-windows-10\/\" \/>\n<meta property=\"og:locale\" content=\"es_ES\" \/>\n<meta property=\"og:type\" content=\"article\" \/>\n<meta property=\"og:title\" content=\"Soluciones al Problema con la Barra de Tareas Windows 10 -\" \/>\n<meta property=\"og:description\" content=\"explicaremos las soluciones, luego de haber instalado la actualizaci\u00f3n KB50003214 presentan el problema con la barra de tareas explicado\" \/>\n<meta property=\"og:url\" content=\"https:\/\/quike.it\/es\/soluciones-al-problema-con-la-barra-de-tareas-windows-10\/\" \/>\n<meta property=\"og:site_name\" content=\"El BLOG de Enrique V\u00e1squez B.\" \/>\n<meta property=\"article:publisher\" content=\"https:\/\/www.facebook.com\/zeven.sa.1\" \/>\n<meta property=\"article:author\" content=\"https:\/\/www.facebook.com\/zeven.sa.1\" \/>\n<meta property=\"article:published_time\" content=\"2021-06-06T20:23:46+00:00\" \/>\n<meta property=\"article:modified_time\" content=\"2021-06-23T10:50:00+00:00\" \/>\n<meta property=\"og:image\" content=\"https:\/\/quike.it\/es\/wp-content\/uploads\/sites\/3\/2021\/05\/background-720224_640.jpg\" \/>\n\t<meta property=\"og:image:width\" content=\"640\" \/>\n\t<meta property=\"og:image:height\" content=\"452\" \/>\n\t<meta property=\"og:image:type\" content=\"image\/jpeg\" \/>\n<meta name=\"author\" content=\"Enrique V\u00e1squez B.\" \/>\n<meta name=\"twitter:card\" content=\"summary_large_image\" \/>\n<meta name=\"twitter:creator\" content=\"@quike1974\" \/>\n<meta name=\"twitter:site\" content=\"@quike1974\" \/>\n<meta name=\"twitter:label1\" content=\"Escrito por\" \/>\n\t<meta name=\"twitter:data1\" content=\"Enrique V\u00e1squez B.\" \/>\n\t<meta name=\"twitter:label2\" content=\"Tiempo de lectura\" \/>\n\t<meta name=\"twitter:data2\" content=\"4 minutos\" \/>\n<script type=\"application\/ld+json\" class=\"yoast-schema-graph\">{\"@context\":\"https:\\\/\\\/schema.org\",\"@graph\":[{\"@type\":\"Article\",\"@id\":\"https:\\\/\\\/quike.it\\\/es\\\/soluciones-al-problema-con-la-barra-de-tareas-windows-10\\\/#article\",\"isPartOf\":{\"@id\":\"https:\\\/\\\/quike.it\\\/es\\\/soluciones-al-problema-con-la-barra-de-tareas-windows-10\\\/\"},\"author\":{\"name\":\"Enrique V\u00e1squez B.\",\"@id\":\"https:\\\/\\\/quike.it\\\/es\\\/#\\\/schema\\\/person\\\/e53c62e8ab2e3f878e77d3a617483cc8\"},\"headline\":\"Soluciones al Problema con la Barra de Tareas Windows 10\",\"datePublished\":\"2021-06-06T20:23:46+00:00\",\"dateModified\":\"2021-06-23T10:50:00+00:00\",\"mainEntityOfPage\":{\"@id\":\"https:\\\/\\\/quike.it\\\/es\\\/soluciones-al-problema-con-la-barra-de-tareas-windows-10\\\/\"},\"wordCount\":553,\"commentCount\":0,\"publisher\":{\"@id\":\"https:\\\/\\\/quike.it\\\/es\\\/#\\\/schema\\\/person\\\/e53c62e8ab2e3f878e77d3a617483cc8\"},\"image\":{\"@id\":\"https:\\\/\\\/quike.it\\\/es\\\/soluciones-al-problema-con-la-barra-de-tareas-windows-10\\\/#primaryimage\"},\"thumbnailUrl\":\"https:\\\/\\\/quike.it\\\/es\\\/wp-content\\\/uploads\\\/sites\\\/3\\\/2021\\\/05\\\/background-720224_640.jpg\",\"articleSection\":[\"Inform\u00e1tica\",\"Sistemas Operativos\",\"Windows\"],\"inLanguage\":\"es\",\"potentialAction\":[{\"@type\":\"CommentAction\",\"name\":\"Comment\",\"target\":[\"https:\\\/\\\/quike.it\\\/es\\\/soluciones-al-problema-con-la-barra-de-tareas-windows-10\\\/#respond\"]}]},{\"@type\":[\"WebPage\",\"ItemPage\"],\"@id\":\"https:\\\/\\\/quike.it\\\/es\\\/soluciones-al-problema-con-la-barra-de-tareas-windows-10\\\/\",\"url\":\"https:\\\/\\\/quike.it\\\/es\\\/soluciones-al-problema-con-la-barra-de-tareas-windows-10\\\/\",\"name\":\"Soluciones al Problema con la Barra de Tareas Windows 10 -\",\"isPartOf\":{\"@id\":\"https:\\\/\\\/quike.it\\\/es\\\/#website\"},\"primaryImageOfPage\":{\"@id\":\"https:\\\/\\\/quike.it\\\/es\\\/soluciones-al-problema-con-la-barra-de-tareas-windows-10\\\/#primaryimage\"},\"image\":{\"@id\":\"https:\\\/\\\/quike.it\\\/es\\\/soluciones-al-problema-con-la-barra-de-tareas-windows-10\\\/#primaryimage\"},\"thumbnailUrl\":\"https:\\\/\\\/quike.it\\\/es\\\/wp-content\\\/uploads\\\/sites\\\/3\\\/2021\\\/05\\\/background-720224_640.jpg\",\"datePublished\":\"2021-06-06T20:23:46+00:00\",\"dateModified\":\"2021-06-23T10:50:00+00:00\",\"description\":\"explicaremos las soluciones, luego de haber instalado la actualizaci\u00f3n KB50003214 presentan el problema con la barra de tareas explicado\",\"breadcrumb\":{\"@id\":\"https:\\\/\\\/quike.it\\\/es\\\/soluciones-al-problema-con-la-barra-de-tareas-windows-10\\\/#breadcrumb\"},\"inLanguage\":\"es\",\"potentialAction\":[{\"@type\":\"ReadAction\",\"target\":[\"https:\\\/\\\/quike.it\\\/es\\\/soluciones-al-problema-con-la-barra-de-tareas-windows-10\\\/\"]}]},{\"@type\":\"ImageObject\",\"inLanguage\":\"es\",\"@id\":\"https:\\\/\\\/quike.it\\\/es\\\/soluciones-al-problema-con-la-barra-de-tareas-windows-10\\\/#primaryimage\",\"url\":\"https:\\\/\\\/quike.it\\\/es\\\/wp-content\\\/uploads\\\/sites\\\/3\\\/2021\\\/05\\\/background-720224_640.jpg\",\"contentUrl\":\"https:\\\/\\\/quike.it\\\/es\\\/wp-content\\\/uploads\\\/sites\\\/3\\\/2021\\\/05\\\/background-720224_640.jpg\",\"width\":640,\"height\":452,\"caption\":\"windows 10 bug\"},{\"@type\":\"BreadcrumbList\",\"@id\":\"https:\\\/\\\/quike.it\\\/es\\\/soluciones-al-problema-con-la-barra-de-tareas-windows-10\\\/#breadcrumb\",\"itemListElement\":[{\"@type\":\"ListItem\",\"position\":1,\"name\":\"Inicio\",\"item\":\"https:\\\/\\\/quike.it\\\/es\\\/\"},{\"@type\":\"ListItem\",\"position\":2,\"name\":\"Inform\u00e1tica\",\"item\":\"https:\\\/\\\/quike.it\\\/es\\\/category\\\/informatica\\\/\"},{\"@type\":\"ListItem\",\"position\":3,\"name\":\"Soluciones al Problema con la Barra de Tareas Windows 10\"}]},{\"@type\":\"WebSite\",\"@id\":\"https:\\\/\\\/quike.it\\\/es\\\/#website\",\"url\":\"https:\\\/\\\/quike.it\\\/es\\\/\",\"name\":\"El BLOG de Enrique V\u00e1squez B.\",\"description\":\"\",\"publisher\":{\"@id\":\"https:\\\/\\\/quike.it\\\/es\\\/#\\\/schema\\\/person\\\/e53c62e8ab2e3f878e77d3a617483cc8\"},\"potentialAction\":[{\"@type\":\"SearchAction\",\"target\":{\"@type\":\"EntryPoint\",\"urlTemplate\":\"https:\\\/\\\/quike.it\\\/es\\\/?s={search_term_string}\"},\"query-input\":{\"@type\":\"PropertyValueSpecification\",\"valueRequired\":true,\"valueName\":\"search_term_string\"}}],\"inLanguage\":\"es\"},{\"@type\":[\"Person\",\"Organization\"],\"@id\":\"https:\\\/\\\/quike.it\\\/es\\\/#\\\/schema\\\/person\\\/e53c62e8ab2e3f878e77d3a617483cc8\",\"name\":\"Enrique V\u00e1squez B.\",\"image\":{\"@type\":\"ImageObject\",\"inLanguage\":\"es\",\"@id\":\"https:\\\/\\\/quike.it\\\/es\\\/wp-content\\\/uploads\\\/sites\\\/3\\\/2021\\\/02\\\/me.png\",\"url\":\"https:\\\/\\\/quike.it\\\/es\\\/wp-content\\\/uploads\\\/sites\\\/3\\\/2021\\\/02\\\/me.png\",\"contentUrl\":\"https:\\\/\\\/quike.it\\\/es\\\/wp-content\\\/uploads\\\/sites\\\/3\\\/2021\\\/02\\\/me.png\",\"width\":512,\"height\":512,\"caption\":\"Enrique V\u00e1squez B.\"},\"logo\":{\"@id\":\"https:\\\/\\\/quike.it\\\/es\\\/wp-content\\\/uploads\\\/sites\\\/3\\\/2021\\\/02\\\/me.png\"},\"description\":\"Programador desde 1988, con pasi\u00f3n por escribir art\u00edculos de todo tipo. Actualmente desarrolla para ZEVEN S.A. el Sistema de Facturaci\u00f3n Electr\u00f3nica. Ecuatoriano de nacimiento e italiano de residencia, escribe desde G\u00e9nova, ciudad que ha llegado a amar tanto como su natal Guayaquil. Padre de dos hijos que son su orgullo y esposo de una mujer excepcional.\",\"sameAs\":[\"https:\\\/\\\/quike.it\",\"https:\\\/\\\/www.facebook.com\\\/zeven.sa.1\",\"https:\\\/\\\/www.instagram.com\\\/quikev1974\",\"https:\\\/\\\/www.linkedin.com\\\/in\\\/carlos-enrique-vasquez-bautista-074893b\\\/\",\"https:\\\/\\\/x.com\\\/quike1974\"],\"url\":\"https:\\\/\\\/quike.it\\\/es\\\/author\\\/quike\\\/\"}]}<\/script>\n<!-- \/ Yoast SEO plugin. -->","yoast_head_json":{"title":"Soluciones al Problema con la Barra de Tareas Windows 10 -","description":"explicaremos las soluciones, luego de haber instalado la actualizaci\u00f3n KB50003214 presentan el problema con la barra de tareas explicado","robots":{"index":"index","follow":"follow","max-snippet":"max-snippet:-1","max-image-preview":"max-image-preview:large","max-video-preview":"max-video-preview:-1"},"canonical":"https:\/\/quike.it\/es\/soluciones-al-problema-con-la-barra-de-tareas-windows-10\/","og_locale":"es_ES","og_type":"article","og_title":"Soluciones al Problema con la Barra de Tareas Windows 10 -","og_description":"explicaremos las soluciones, luego de haber instalado la actualizaci\u00f3n KB50003214 presentan el problema con la barra de tareas explicado","og_url":"https:\/\/quike.it\/es\/soluciones-al-problema-con-la-barra-de-tareas-windows-10\/","og_site_name":"El BLOG de Enrique V\u00e1squez B.","article_publisher":"https:\/\/www.facebook.com\/zeven.sa.1","article_author":"https:\/\/www.facebook.com\/zeven.sa.1","article_published_time":"2021-06-06T20:23:46+00:00","article_modified_time":"2021-06-23T10:50:00+00:00","og_image":[{"width":640,"height":452,"url":"https:\/\/quike.it\/es\/wp-content\/uploads\/sites\/3\/2021\/05\/background-720224_640.jpg","type":"image\/jpeg"}],"author":"Enrique V\u00e1squez B.","twitter_card":"summary_large_image","twitter_creator":"@quike1974","twitter_site":"@quike1974","twitter_misc":{"Escrito por":"Enrique V\u00e1squez B.","Tiempo de lectura":"4 minutos"},"schema":{"@context":"https:\/\/schema.org","@graph":[{"@type":"Article","@id":"https:\/\/quike.it\/es\/soluciones-al-problema-con-la-barra-de-tareas-windows-10\/#article","isPartOf":{"@id":"https:\/\/quike.it\/es\/soluciones-al-problema-con-la-barra-de-tareas-windows-10\/"},"author":{"name":"Enrique V\u00e1squez B.","@id":"https:\/\/quike.it\/es\/#\/schema\/person\/e53c62e8ab2e3f878e77d3a617483cc8"},"headline":"Soluciones al Problema con la Barra de Tareas Windows 10","datePublished":"2021-06-06T20:23:46+00:00","dateModified":"2021-06-23T10:50:00+00:00","mainEntityOfPage":{"@id":"https:\/\/quike.it\/es\/soluciones-al-problema-con-la-barra-de-tareas-windows-10\/"},"wordCount":553,"commentCount":0,"publisher":{"@id":"https:\/\/quike.it\/es\/#\/schema\/person\/e53c62e8ab2e3f878e77d3a617483cc8"},"image":{"@id":"https:\/\/quike.it\/es\/soluciones-al-problema-con-la-barra-de-tareas-windows-10\/#primaryimage"},"thumbnailUrl":"https:\/\/quike.it\/es\/wp-content\/uploads\/sites\/3\/2021\/05\/background-720224_640.jpg","articleSection":["Inform\u00e1tica","Sistemas Operativos","Windows"],"inLanguage":"es","potentialAction":[{"@type":"CommentAction","name":"Comment","target":["https:\/\/quike.it\/es\/soluciones-al-problema-con-la-barra-de-tareas-windows-10\/#respond"]}]},{"@type":["WebPage","ItemPage"],"@id":"https:\/\/quike.it\/es\/soluciones-al-problema-con-la-barra-de-tareas-windows-10\/","url":"https:\/\/quike.it\/es\/soluciones-al-problema-con-la-barra-de-tareas-windows-10\/","name":"Soluciones al Problema con la Barra de Tareas Windows 10 -","isPartOf":{"@id":"https:\/\/quike.it\/es\/#website"},"primaryImageOfPage":{"@id":"https:\/\/quike.it\/es\/soluciones-al-problema-con-la-barra-de-tareas-windows-10\/#primaryimage"},"image":{"@id":"https:\/\/quike.it\/es\/soluciones-al-problema-con-la-barra-de-tareas-windows-10\/#primaryimage"},"thumbnailUrl":"https:\/\/quike.it\/es\/wp-content\/uploads\/sites\/3\/2021\/05\/background-720224_640.jpg","datePublished":"2021-06-06T20:23:46+00:00","dateModified":"2021-06-23T10:50:00+00:00","description":"explicaremos las soluciones, luego de haber instalado la actualizaci\u00f3n KB50003214 presentan el problema con la barra de tareas explicado","breadcrumb":{"@id":"https:\/\/quike.it\/es\/soluciones-al-problema-con-la-barra-de-tareas-windows-10\/#breadcrumb"},"inLanguage":"es","potentialAction":[{"@type":"ReadAction","target":["https:\/\/quike.it\/es\/soluciones-al-problema-con-la-barra-de-tareas-windows-10\/"]}]},{"@type":"ImageObject","inLanguage":"es","@id":"https:\/\/quike.it\/es\/soluciones-al-problema-con-la-barra-de-tareas-windows-10\/#primaryimage","url":"https:\/\/quike.it\/es\/wp-content\/uploads\/sites\/3\/2021\/05\/background-720224_640.jpg","contentUrl":"https:\/\/quike.it\/es\/wp-content\/uploads\/sites\/3\/2021\/05\/background-720224_640.jpg","width":640,"height":452,"caption":"windows 10 bug"},{"@type":"BreadcrumbList","@id":"https:\/\/quike.it\/es\/soluciones-al-problema-con-la-barra-de-tareas-windows-10\/#breadcrumb","itemListElement":[{"@type":"ListItem","position":1,"name":"Inicio","item":"https:\/\/quike.it\/es\/"},{"@type":"ListItem","position":2,"name":"Inform\u00e1tica","item":"https:\/\/quike.it\/es\/category\/informatica\/"},{"@type":"ListItem","position":3,"name":"Soluciones al Problema con la Barra de Tareas Windows 10"}]},{"@type":"WebSite","@id":"https:\/\/quike.it\/es\/#website","url":"https:\/\/quike.it\/es\/","name":"El BLOG de Enrique V\u00e1squez B.","description":"","publisher":{"@id":"https:\/\/quike.it\/es\/#\/schema\/person\/e53c62e8ab2e3f878e77d3a617483cc8"},"potentialAction":[{"@type":"SearchAction","target":{"@type":"EntryPoint","urlTemplate":"https:\/\/quike.it\/es\/?s={search_term_string}"},"query-input":{"@type":"PropertyValueSpecification","valueRequired":true,"valueName":"search_term_string"}}],"inLanguage":"es"},{"@type":["Person","Organization"],"@id":"https:\/\/quike.it\/es\/#\/schema\/person\/e53c62e8ab2e3f878e77d3a617483cc8","name":"Enrique V\u00e1squez B.","image":{"@type":"ImageObject","inLanguage":"es","@id":"https:\/\/quike.it\/es\/wp-content\/uploads\/sites\/3\/2021\/02\/me.png","url":"https:\/\/quike.it\/es\/wp-content\/uploads\/sites\/3\/2021\/02\/me.png","contentUrl":"https:\/\/quike.it\/es\/wp-content\/uploads\/sites\/3\/2021\/02\/me.png","width":512,"height":512,"caption":"Enrique V\u00e1squez B."},"logo":{"@id":"https:\/\/quike.it\/es\/wp-content\/uploads\/sites\/3\/2021\/02\/me.png"},"description":"Programador desde 1988, con pasi\u00f3n por escribir art\u00edculos de todo tipo. Actualmente desarrolla para ZEVEN S.A. el Sistema de Facturaci\u00f3n Electr\u00f3nica. Ecuatoriano de nacimiento e italiano de residencia, escribe desde G\u00e9nova, ciudad que ha llegado a amar tanto como su natal Guayaquil. Padre de dos hijos que son su orgullo y esposo de una mujer excepcional.","sameAs":["https:\/\/quike.it","https:\/\/www.facebook.com\/zeven.sa.1","https:\/\/www.instagram.com\/quikev1974","https:\/\/www.linkedin.com\/in\/carlos-enrique-vasquez-bautista-074893b\/","https:\/\/x.com\/quike1974"],"url":"https:\/\/quike.it\/es\/author\/quike\/"}]}},"_links":{"self":[{"href":"https:\/\/quike.it\/es\/wp-json\/wp\/v2\/posts\/6444","targetHints":{"allow":["GET"]}}],"collection":[{"href":"https:\/\/quike.it\/es\/wp-json\/wp\/v2\/posts"}],"about":[{"href":"https:\/\/quike.it\/es\/wp-json\/wp\/v2\/types\/post"}],"author":[{"embeddable":true,"href":"https:\/\/quike.it\/es\/wp-json\/wp\/v2\/users\/2"}],"replies":[{"embeddable":true,"href":"https:\/\/quike.it\/es\/wp-json\/wp\/v2\/comments?post=6444"}],"version-history":[{"count":35,"href":"https:\/\/quike.it\/es\/wp-json\/wp\/v2\/posts\/6444\/revisions"}],"predecessor-version":[{"id":6917,"href":"https:\/\/quike.it\/es\/wp-json\/wp\/v2\/posts\/6444\/revisions\/6917"}],"wp:featuredmedia":[{"embeddable":true,"href":"https:\/\/quike.it\/es\/wp-json\/wp\/v2\/media\/6311"}],"wp:attachment":[{"href":"https:\/\/quike.it\/es\/wp-json\/wp\/v2\/media?parent=6444"}],"wp:term":[{"taxonomy":"category","embeddable":true,"href":"https:\/\/quike.it\/es\/wp-json\/wp\/v2\/categories?post=6444"},{"taxonomy":"post_tag","embeddable":true,"href":"https:\/\/quike.it\/es\/wp-json\/wp\/v2\/tags?post=6444"}],"curies":[{"name":"wp","href":"https:\/\/api.w.org\/{rel}","templated":true}]}}