{"id":6803,"date":"2021-06-20T16:20:41","date_gmt":"2021-06-20T15:20:41","guid":{"rendered":"https:\/\/quike.it\/es\/?p=6803"},"modified":"2023-06-22T01:03:51","modified_gmt":"2023-06-22T00:03:51","slug":"el-solsticio-de-verano","status":"publish","type":"post","link":"https:\/\/quike.it\/es\/el-solsticio-de-verano\/","title":{"rendered":"El Solsticio de Verano"},"content":{"rendered":"\t\t<div data-elementor-type=\"wp-post\" data-elementor-id=\"6803\" class=\"elementor elementor-6803\" data-elementor-post-type=\"post\">\n\t\t\t\t\t\t<section class=\"elementor-section elementor-top-section elementor-element elementor-element-9ac0ada elementor-section-full_width elementor-section-height-default elementor-section-height-default\" data-id=\"9ac0ada\" data-element_type=\"section\" data-e-type=\"section\">\n\t\t\t\t\t\t<div class=\"elementor-container elementor-column-gap-default\">\n\t\t\t\t\t<div class=\"elementor-column elementor-col-100 elementor-top-column elementor-element elementor-element-fe6693b\" data-id=\"fe6693b\" data-element_type=\"column\" data-e-type=\"column\">\n\t\t\t<div class=\"elementor-widget-wrap elementor-element-populated\">\n\t\t\t\t\t\t<div class=\"elementor-element elementor-element-a216cd8 elementor-widget elementor-widget-text-editor\" data-id=\"a216cd8\" data-element_type=\"widget\" data-e-type=\"widget\" data-widget_type=\"text-editor.default\">\n\t\t\t\t\t\t\t\t\t<p><strong>Solsticio<\/strong> significa <em><strong>Sol que se detiene<\/strong><\/em>\u00a0(del <a href=\"https:\/\/es.wikipedia.org\/wiki\/Lat%C3%ADn\" target=\"_blank\" rel=\"noopener\"><strong>lat\u00edn<\/strong><\/a> \u00ab<em>solstitium\u00bb\u00a0<\/em>que se compone de \u00absol\u00bb, sol y <em>\u00absistere\u00bb,<\/em> detenerse), y hace referencia a la aparente inmovilidad del <strong>sol<\/strong> cuando alcanza el punto m\u00e1s alto en relaci\u00f3n al horizonte <a href=\"https:\/\/es.wikipedia.org\/wiki\/Cenit\" target=\"_blank\" rel=\"noopener\"><em>(zenit),<\/em><\/a> antes de iniciar lentamente a descender.<\/p><p>El <strong>solsticio de verano<\/strong>, que normalmente es el <strong>21 de junio<\/strong>, coincide con el d\u00eda m\u00e1s largo del a\u00f1o, aquel con mas hora de luz solar, cuyas horas de iluminaci\u00f3n inician a disminuir hasta el <strong>solsticio de invierno<\/strong>, en el que en cambio vivimos la noche con mas horas de oscuridad del a\u00f1o.<\/p><p>La inmovilidad del sol dura pocos d\u00edas, hasta el<strong> 24 de junio<\/strong>, cuando inician a descender las horas de luz natural.<\/p><p>El\u00a0<strong>solsticio<\/strong>\u00a0se retrasa cada a\u00f1o de alrededor de seis horas respecto al a\u00f1o precedente y se corrige este retraso cada cuatro a\u00f1os en correspondencia del\u00a0<strong>a\u00f1o bisiesto<\/strong>.<\/p><p>Debido a estos ajustes puede suceder que el\u00a0<strong>solsticio de verano<\/strong>\u00a0caiga el\u00a0<strong>20 o el 21 de junio<\/strong>\u00a0y el de invierno el\u00a0<strong>21 o 22 de diciembre<\/strong>.<\/p>\t\t\t\t\t\t\t\t<\/div>\n\t\t\t\t<div class=\"elementor-element elementor-element-8759679 elementor-widget elementor-widget-global elementor-global-23404 elementor-widget-table-of-contents\" data-id=\"8759679\" data-element_type=\"widget\" data-e-type=\"widget\" data-settings=\"{&quot;container&quot;:&quot;.articulo&quot;,&quot;marker_view&quot;:&quot;bullets&quot;,&quot;no_headings_message&quot;:&quot;No headings were found on this page.&quot;,&quot;headings_by_tags&quot;:[&quot;h2&quot;,&quot;h3&quot;,&quot;h4&quot;,&quot;h5&quot;,&quot;h6&quot;],&quot;icon&quot;:{&quot;value&quot;:&quot;fas fa-circle&quot;,&quot;library&quot;:&quot;fa-solid&quot;},&quot;hierarchical_view&quot;:&quot;yes&quot;,&quot;min_height&quot;:{&quot;unit&quot;:&quot;px&quot;,&quot;size&quot;:&quot;&quot;,&quot;sizes&quot;:[]},&quot;min_height_tablet&quot;:{&quot;unit&quot;:&quot;px&quot;,&quot;size&quot;:&quot;&quot;,&quot;sizes&quot;:[]},&quot;min_height_mobile&quot;:{&quot;unit&quot;:&quot;px&quot;,&quot;size&quot;:&quot;&quot;,&quot;sizes&quot;:[]}}\" data-widget_type=\"table-of-contents.default\">\n\t\t\t\t\t\t\t\t\t<div class=\"elementor-toc__header\">\n\t\t\t\t\t\t<h4 class=\"elementor-toc__header-title\">\n\t\t\t\tINDICE\t\t\t<\/h4>\n\t\t\t\t\t\t\t\t<\/div>\n\t\t\t\t<div id=\"elementor-toc__8759679\" class=\"elementor-toc__body\">\n\t\t\t<div class=\"elementor-toc__spinner-container\">\n\t\t\t\t<svg class=\"elementor-toc__spinner eicon-animation-spin e-font-icon-svg e-eicon-loading\" aria-hidden=\"true\" viewBox=\"0 0 1000 1000\" xmlns=\"http:\/\/www.w3.org\/2000\/svg\"><path d=\"M500 975V858C696 858 858 696 858 500S696 142 500 142 142 304 142 500H25C25 237 238 25 500 25S975 237 975 500 763 975 500 975Z\"><\/path><\/svg>\t\t\t<\/div>\n\t\t<\/div>\n\t\t\t\t\t\t<\/div>\n\t\t\t\t\t<\/div>\n\t\t<\/div>\n\t\t\t\t\t<\/div>\n\t\t<\/section>\n\t\t\t\t<section class=\"elementor-section elementor-top-section elementor-element elementor-element-5d47b0f elementor-section-full_width articulo elementor-section-height-default elementor-section-height-default\" data-id=\"5d47b0f\" data-element_type=\"section\" data-e-type=\"section\">\n\t\t\t\t\t\t<div class=\"elementor-container elementor-column-gap-default\">\n\t\t\t\t\t<div class=\"elementor-column elementor-col-100 elementor-top-column elementor-element elementor-element-a8cfbcb\" data-id=\"a8cfbcb\" data-element_type=\"column\" data-e-type=\"column\">\n\t\t\t<div class=\"elementor-widget-wrap elementor-element-populated\">\n\t\t\t\t\t\t<div class=\"elementor-element elementor-element-1d0f09d elementor-widget elementor-widget-heading\" data-id=\"1d0f09d\" data-element_type=\"widget\" data-e-type=\"widget\" data-widget_type=\"heading.default\">\n\t\t\t\t\t<h3 class=\"elementor-heading-title elementor-size-default\">Celebraciones a Nivel Mundial<\/h3>\t\t\t\t<\/div>\n\t\t\t\t<div class=\"elementor-element elementor-element-eb82000 elementor-widget elementor-widget-image\" data-id=\"eb82000\" data-element_type=\"widget\" data-e-type=\"widget\" data-widget_type=\"image.default\">\n\t\t\t\t\t\t\t\t\t\t\t\t\t\t\t\t<a href=\"https:\/\/quike.it\/es\/wp-content\/uploads\/sites\/3\/2021\/06\/solstice-4469374_640.jpg\" data-elementor-open-lightbox=\"yes\" data-elementor-lightbox-title=\"solstice-4469374_640\" data-e-action-hash=\"#elementor-action%3Aaction%3Dlightbox%26settings%3DeyJpZCI6MjQyMzcsInVybCI6Imh0dHBzOlwvXC9xdWlrZS5pdFwvZXNcL3dwLWNvbnRlbnRcL3VwbG9hZHNcL3NpdGVzXC8zXC8yMDIxXC8wNlwvc29sc3RpY2UtNDQ2OTM3NF82NDAuanBnIn0%3D\">\n\t\t\t\t\t\t\t<img fetchpriority=\"high\" decoding=\"async\" width=\"640\" height=\"250\" src=\"https:\/\/quike.it\/es\/wp-content\/uploads\/sites\/3\/2021\/06\/solstice-4469374_640.jpg\" class=\"attachment-full size-full wp-image-24237\" alt=\"Solsticio de verano\" srcset=\"https:\/\/quike.it\/es\/wp-content\/uploads\/sites\/3\/2021\/06\/solstice-4469374_640.jpg 640w, https:\/\/quike.it\/es\/wp-content\/uploads\/sites\/3\/2021\/06\/solstice-4469374_640-300x117.jpg 300w\" sizes=\"(max-width: 640px) 100vw, 640px\" \/>\t\t\t\t\t\t\t\t<\/a>\n\t\t\t\t\t\t\t\t\t\t\t\t\t\t\t<\/div>\n\t\t\t\t<div class=\"elementor-element elementor-element-c10a4c9 elementor-widget elementor-widget-text-editor\" data-id=\"c10a4c9\" data-element_type=\"widget\" data-e-type=\"widget\" data-widget_type=\"text-editor.default\">\n\t\t\t\t\t\t\t\t\t<p>Desde la antig\u00fcedad el <strong>solsticio de verano<\/strong> ha sido uno de los eventos astron\u00f3micos m\u00e1s f\u00e1ciles de observar y por lo tanto una ocasi\u00f3n de festejos.<\/p><p>Ceremonias de tipo religioso, esot\u00e9rico y ritos ligados a ciclos agr\u00edcolas se celebran entre el <strong>21 y el 24 de junio<\/strong> a nivel mundial.<\/p><p>En <strong>Italia<\/strong> durante este periodo, se cree, que es el mejor para la cosecha de plantas y hierbas medicinales.<\/p><p>Uno de los eventos m\u00e1s famosos a nivel mundial se da en <a href=\"https:\/\/es.wikipedia.org\/wiki\/Stonehenge\" target=\"_blank\" rel=\"noopener\"><strong>Stonehenge.<\/strong><\/a><\/p><p>En la noche que precede el <strong>21 de junio<\/strong> miles de personas se re\u00fanen de frente al monumento del <a href=\"https:\/\/es.wikipedia.org\/wiki\/Megal%C3%ADtico\" target=\"_blank\" rel=\"noopener\"><strong>megal\u00edtico,<\/strong><\/a> uno de los monumentos prehist\u00f3ricos m\u00e1s famosos e importantes del mundo, que ha sido declarado <strong>Patrimonio Unesco\u00a0<\/strong>en 1986.<\/p>\t\t\t\t\t\t\t\t<\/div>\n\t\t\t\t<div class=\"elementor-element elementor-element-4a433ad elementor-widget elementor-widget-text-editor\" data-id=\"4a433ad\" data-element_type=\"widget\" data-e-type=\"widget\" data-widget_type=\"text-editor.default\">\n\t\t\t\t\t\t\t\t\t<p>El eje principal de este monumento est\u00e1 orientado astronomicamente con una v\u00eda principal que atraviesa la estructura, en la que su centro contiene la piedra denominada <em><strong>\u00abPiedra Tal\u00f3n\u00bb<\/strong><\/em>, sobre la cual, en el <strong>solsticio de verano<\/strong>, se eleva el sol en perfecto alineamiento.<\/p><p>A este evento participan miles de personas.<\/p><p>En las zonas <a href=\"https:\/\/dle.rae.es\/septentri%C3%B3n?m=form\" target=\"_blank\" rel=\"noopener\"><strong>septentrionales<\/strong><\/a> de <strong>Alaska, Canada, Groenlandia, Noruega, Suecia<\/strong> y <strong>Finlandia<\/strong> en los d\u00edas precedentes al <strong>solsticio de verano<\/strong>, el sol no desciende por debajo del horizonte y por lo tanto no existe la noche.<\/p><p>Esto da vida al fen\u00f3meno conocido como <strong><a href=\"https:\/\/es.wikipedia.org\/wiki\/Sol_de_medianoche\" target=\"_blank\" rel=\"noopener\">El Sol de Medianoche<\/a>.<\/strong><\/p><p>Cada pa\u00eds festeja a su manera este evento.<\/p>\t\t\t\t\t\t\t\t<\/div>\n\t\t\t\t<div class=\"elementor-element elementor-element-355ca3e elementor-widget elementor-widget-heading\" data-id=\"355ca3e\" data-element_type=\"widget\" data-e-type=\"widget\" data-widget_type=\"heading.default\">\n\t\t\t\t\t<h4 class=\"elementor-heading-title elementor-size-default\">Algunos paises que festejan<\/h4>\t\t\t\t<\/div>\n\t\t\t\t<div class=\"elementor-element elementor-element-0df586c elementor-widget elementor-widget-text-editor\" data-id=\"0df586c\" data-element_type=\"widget\" data-e-type=\"widget\" data-widget_type=\"text-editor.default\">\n\t\t\t\t\t\t\t\t\t<p>En <a href=\"https:\/\/es.wikipedia.org\/wiki\/Alaska\" target=\"_blank\" rel=\"noopener\"><strong>Alaska,<\/strong><\/a> a <a href=\"https:\/\/es.wikipedia.org\/wiki\/Fairbanks\" target=\"_blank\" rel=\"noopener\"><strong>Fairbanks,<\/strong><\/a> el equipo local de <a href=\"https:\/\/es.wikipedia.org\/wiki\/B%C3%A9isbol\" target=\"_blank\" rel=\"noopener\"><strong>baseball,<\/strong><\/a> juega un partido que inicia a las <strong>22.30<\/strong> y termina la d\u00eda siguiente con eventos de todo tipo como eventos de beneficencia, maratones, asados y dem\u00e1s.<\/p><p><a href=\"https:\/\/es.wikipedia.org\/wiki\/San_Petersburgo\" target=\"_blank\" rel=\"noopener\"><strong>San Petersburgo<\/strong><\/a> organiza el <a href=\"https:\/\/es.wikipedia.org\/wiki\/Noches_blancas_(fen%C3%B3meno)\" target=\"_blank\" rel=\"noopener\"><strong>Festival de las Noches Blancas<\/strong><\/a>\u00a0en medio de otras manifestaciones art\u00edsticas, conciertos, muestras y bailes que inician a las 18 del <strong>21 de junio<\/strong> y terminan a las 4:30 del siguiente d\u00eda.<\/p>\t\t\t\t\t\t\t\t<\/div>\n\t\t\t\t<div class=\"elementor-element elementor-element-38723b9 elementor-widget elementor-widget-text-editor\" data-id=\"38723b9\" data-element_type=\"widget\" data-e-type=\"widget\" data-widget_type=\"text-editor.default\">\n\t\t\t\t\t\t\t\t\t<p>En <a href=\"https:\/\/es.wikipedia.org\/wiki\/Islandia\" target=\"_blank\" rel=\"noopener\"><strong>Islandia,<\/strong><\/a> precisamente en <a href=\"https:\/\/es.wikipedia.org\/wiki\/Reikiavik\" target=\"_blank\" rel=\"noopener\"><strong>Reykavik,<\/strong><\/a> desde hace algunos a\u00f1os, aprovechando del <a href=\"https:\/\/es.wikipedia.org\/wiki\/Sol_de_medianoche\" target=\"_blank\" rel=\"noopener\"><strong>Sol de Medianoche<\/strong><\/a>, se realizan conciertos que duran varios d\u00edas, en los cuales participan artistas de fama mundial.<\/p><p>Los <strong>suecos<\/strong> festejan la noche mas corta del a\u00f1o con fiestas por las calles de <a href=\"https:\/\/es.wikipedia.org\/wiki\/Estocolmo\" target=\"_blank\" rel=\"noopener\"><strong>Estocolmo<\/strong><\/a> en las que las mujeres se adornan con guirnaldas de flores entre los cabellos.<\/p>\t\t\t\t\t\t\t\t<\/div>\n\t\t\t\t<div class=\"elementor-element elementor-element-5af6d0e elementor-widget elementor-widget-heading\" data-id=\"5af6d0e\" data-element_type=\"widget\" data-e-type=\"widget\" data-widget_type=\"heading.default\">\n\t\t\t\t\t<h3 class=\"elementor-heading-title elementor-size-default\">Solsticio de Verano y el d\u00eda del Yoga<\/h3>\t\t\t\t<\/div>\n\t\t\t\t<div class=\"elementor-element elementor-element-adafb8b elementor-widget elementor-widget-image\" data-id=\"adafb8b\" data-element_type=\"widget\" data-e-type=\"widget\" data-widget_type=\"image.default\">\n\t\t\t\t\t\t\t\t\t\t\t\t\t\t\t\t<a href=\"https:\/\/quike.it\/es\/wp-content\/uploads\/sites\/3\/2021\/06\/summer-solstice-4335896_640.jpg\" data-elementor-open-lightbox=\"yes\" data-elementor-lightbox-title=\"summer-solstice-4335896_640\" data-e-action-hash=\"#elementor-action%3Aaction%3Dlightbox%26settings%3DeyJpZCI6MjQyMzgsInVybCI6Imh0dHBzOlwvXC9xdWlrZS5pdFwvZXNcL3dwLWNvbnRlbnRcL3VwbG9hZHNcL3NpdGVzXC8zXC8yMDIxXC8wNlwvc3VtbWVyLXNvbHN0aWNlLTQzMzU4OTZfNjQwLmpwZyJ9\">\n\t\t\t\t\t\t\t<img decoding=\"async\" width=\"640\" height=\"427\" src=\"https:\/\/quike.it\/es\/wp-content\/uploads\/sites\/3\/2021\/06\/summer-solstice-4335896_640.jpg\" class=\"attachment-full size-full wp-image-24238\" alt=\"\" srcset=\"https:\/\/quike.it\/es\/wp-content\/uploads\/sites\/3\/2021\/06\/summer-solstice-4335896_640.jpg 640w, https:\/\/quike.it\/es\/wp-content\/uploads\/sites\/3\/2021\/06\/summer-solstice-4335896_640-300x200.jpg 300w\" sizes=\"(max-width: 640px) 100vw, 640px\" \/>\t\t\t\t\t\t\t\t<\/a>\n\t\t\t\t\t\t\t\t\t\t\t\t\t\t\t<\/div>\n\t\t\t\t<div class=\"elementor-element elementor-element-2169b6f elementor-widget elementor-widget-text-editor\" data-id=\"2169b6f\" data-element_type=\"widget\" data-e-type=\"widget\" data-widget_type=\"text-editor.default\">\n\t\t\t\t\t\t\t\t\t<p>El <strong>21 de junio<\/strong> es una d\u00eda de festejo tambi\u00e9n para otro evento especial: <a href=\"https:\/\/es.wikipedia.org\/wiki\/D%C3%ADa_Internacional_del_Yoga\" target=\"_blank\" rel=\"noopener\"><strong>El d\u00eda internacional del Yoga<\/strong><\/a> instituido el <strong>11 de diciembre del 2014<\/strong>.<\/p><p>El d\u00eda del <strong>solsticio de verano<\/strong>, no fue escogido al azar: venerar la luz y el sol trae prosperidad y salud al cuerpo y a la mente.<\/p><p>En todo el mundo los practicantes del <strong>Yoga<\/strong> festejan este d\u00eda.<\/p><p>La cita mas famosa se tiene en <a href=\"https:\/\/es.wikipedia.org\/wiki\/Nueva_York\" target=\"_blank\" rel=\"noopener\"><strong>New York<\/strong><\/a>, en <a href=\"https:\/\/es.wikipedia.org\/wiki\/Times_Square\" target=\"_blank\" rel=\"noopener\"><strong>Times Square<\/strong><\/a>.<\/p><p>Al alba del <strong>21 de junio<\/strong> cientos de tapetes de colores invaden las calles para dar vida al evento de <strong>Yoga<\/strong> gratuito m\u00e1s grande del mundo.<\/p>\t\t\t\t\t\t\t\t<\/div>\n\t\t\t\t\t<\/div>\n\t\t<\/div>\n\t\t\t\t\t<\/div>\n\t\t<\/section>\n\t\t\t\t<\/div>\n\t\t","protected":false},"excerpt":{"rendered":"<p>Solsticio significa Sol que se detiene&nbsp;(del lat\u00edn \u00absolstitium\u00bb&nbsp;que se compone de \u00absol\u00bb, sol y \u00absistere\u00bb, detenerse), y hace referencia a la aparente inmovilidad del sol cuando alcanza el punto m\u00e1s alto en relaci\u00f3n al horizonte (zenit), antes de iniciar lentamente a descender. El solsticio de verano, que normalmente es el 21 de junio, coincide con [&hellip;]<\/p>\n","protected":false},"author":2,"featured_media":6805,"comment_status":"open","ping_status":"open","sticky":false,"template":"","format":"standard","meta":{"_monsterinsights_skip_tracking":false,"_monsterinsights_sitenote_active":false,"_monsterinsights_sitenote_note":"","_monsterinsights_sitenote_category":0,"footnotes":""},"categories":[37,2],"tags":[],"class_list":["post-6803","post","type-post","status-publish","format-standard","has-post-thumbnail","hentry","category-curiosidades","category-general"],"yoast_head":"<!-- This site is optimized with the Yoast SEO plugin v27.5 - https:\/\/yoast.com\/product\/yoast-seo-wordpress\/ -->\n<title>El Solsticio de Verano - Enrique V\u00e1squez - BLOG<\/title>\n<meta name=\"description\" content=\"El solsticio de verano, que normalmente es el 21 de junio, coincide con el d\u00eda m\u00e1s largo del a\u00f1o, aquel con mas hora de luz solar,...\" \/>\n<meta name=\"robots\" content=\"index, follow, max-snippet:-1, max-image-preview:large, max-video-preview:-1\" \/>\n<link rel=\"canonical\" href=\"https:\/\/quike.it\/es\/el-solsticio-de-verano\/\" \/>\n<meta property=\"og:locale\" content=\"es_ES\" \/>\n<meta property=\"og:type\" content=\"article\" \/>\n<meta property=\"og:title\" content=\"El Solsticio de Verano\" \/>\n<meta property=\"og:description\" content=\"El solsticio de verano, que normalmente es el 21 de junio, coincide con el d\u00eda m\u00e1s largo del a\u00f1o, aquel con mas hora de luz solar,...\" \/>\n<meta property=\"og:url\" content=\"https:\/\/quike.it\/es\/el-solsticio-de-verano\/\" \/>\n<meta property=\"og:site_name\" content=\"El BLOG de Enrique V\u00e1squez B.\" \/>\n<meta property=\"article:publisher\" content=\"https:\/\/www.facebook.com\/zeven.sa.1\" \/>\n<meta property=\"article:author\" content=\"https:\/\/www.facebook.com\/zeven.sa.1\" \/>\n<meta property=\"article:published_time\" content=\"2021-06-20T15:20:41+00:00\" \/>\n<meta property=\"article:modified_time\" content=\"2023-06-22T00:03:51+00:00\" \/>\n<meta property=\"og:image\" content=\"https:\/\/quike.it\/es\/wp-content\/uploads\/sites\/3\/2021\/06\/summer-solstice-4335896_640.jpg\" \/>\n\t<meta property=\"og:image:width\" content=\"640\" \/>\n\t<meta property=\"og:image:height\" content=\"427\" \/>\n\t<meta property=\"og:image:type\" content=\"image\/jpeg\" \/>\n<meta name=\"author\" content=\"Enrique V\u00e1squez B.\" \/>\n<meta name=\"twitter:card\" content=\"summary_large_image\" \/>\n<meta name=\"twitter:title\" content=\"El Solsticio de Verano\" \/>\n<meta name=\"twitter:description\" content=\"El solsticio de verano, que normalmente es el 21 de junio, coincide con el d\u00eda m\u00e1s largo del a\u00f1o, aquel con mas hora de luz solar,...\" \/>\n<meta name=\"twitter:image\" content=\"https:\/\/quike.it\/es\/wp-content\/uploads\/sites\/3\/2021\/06\/summer-solstice-4335896_640.jpg\" \/>\n<meta name=\"twitter:creator\" content=\"@quike1974\" \/>\n<meta name=\"twitter:site\" content=\"@quike1974\" \/>\n<meta name=\"twitter:label1\" content=\"Escrito por\" \/>\n\t<meta name=\"twitter:data1\" content=\"Enrique V\u00e1squez B.\" \/>\n\t<meta name=\"twitter:label2\" content=\"Tiempo de lectura\" \/>\n\t<meta name=\"twitter:data2\" content=\"4 minutos\" \/>\n<script type=\"application\/ld+json\" class=\"yoast-schema-graph\">{\"@context\":\"https:\\\/\\\/schema.org\",\"@graph\":[{\"@type\":\"Article\",\"@id\":\"https:\\\/\\\/quike.it\\\/es\\\/el-solsticio-de-verano\\\/#article\",\"isPartOf\":{\"@id\":\"https:\\\/\\\/quike.it\\\/es\\\/el-solsticio-de-verano\\\/\"},\"author\":{\"name\":\"Enrique V\u00e1squez B.\",\"@id\":\"https:\\\/\\\/quike.it\\\/es\\\/#\\\/schema\\\/person\\\/e53c62e8ab2e3f878e77d3a617483cc8\"},\"headline\":\"El Solsticio de Verano\",\"datePublished\":\"2021-06-20T15:20:41+00:00\",\"dateModified\":\"2023-06-22T00:03:51+00:00\",\"mainEntityOfPage\":{\"@id\":\"https:\\\/\\\/quike.it\\\/es\\\/el-solsticio-de-verano\\\/\"},\"wordCount\":692,\"commentCount\":0,\"publisher\":{\"@id\":\"https:\\\/\\\/quike.it\\\/es\\\/#\\\/schema\\\/person\\\/e53c62e8ab2e3f878e77d3a617483cc8\"},\"image\":{\"@id\":\"https:\\\/\\\/quike.it\\\/es\\\/el-solsticio-de-verano\\\/#primaryimage\"},\"thumbnailUrl\":\"https:\\\/\\\/quike.it\\\/es\\\/wp-content\\\/uploads\\\/sites\\\/3\\\/2021\\\/06\\\/stonehenge-4614639_640.jpg\",\"articleSection\":[\"Curiosidades\",\"General\"],\"inLanguage\":\"es\",\"potentialAction\":[{\"@type\":\"CommentAction\",\"name\":\"Comment\",\"target\":[\"https:\\\/\\\/quike.it\\\/es\\\/el-solsticio-de-verano\\\/#respond\"]}]},{\"@type\":[\"WebPage\",\"ItemPage\"],\"@id\":\"https:\\\/\\\/quike.it\\\/es\\\/el-solsticio-de-verano\\\/\",\"url\":\"https:\\\/\\\/quike.it\\\/es\\\/el-solsticio-de-verano\\\/\",\"name\":\"El Solsticio de Verano - Enrique V\u00e1squez - BLOG\",\"isPartOf\":{\"@id\":\"https:\\\/\\\/quike.it\\\/es\\\/#website\"},\"primaryImageOfPage\":{\"@id\":\"https:\\\/\\\/quike.it\\\/es\\\/el-solsticio-de-verano\\\/#primaryimage\"},\"image\":{\"@id\":\"https:\\\/\\\/quike.it\\\/es\\\/el-solsticio-de-verano\\\/#primaryimage\"},\"thumbnailUrl\":\"https:\\\/\\\/quike.it\\\/es\\\/wp-content\\\/uploads\\\/sites\\\/3\\\/2021\\\/06\\\/stonehenge-4614639_640.jpg\",\"datePublished\":\"2021-06-20T15:20:41+00:00\",\"dateModified\":\"2023-06-22T00:03:51+00:00\",\"description\":\"El solsticio de verano, que normalmente es el 21 de junio, coincide con el d\u00eda m\u00e1s largo del a\u00f1o, aquel con mas hora de luz solar,...\",\"breadcrumb\":{\"@id\":\"https:\\\/\\\/quike.it\\\/es\\\/el-solsticio-de-verano\\\/#breadcrumb\"},\"inLanguage\":\"es\",\"potentialAction\":[{\"@type\":\"ReadAction\",\"target\":[\"https:\\\/\\\/quike.it\\\/es\\\/el-solsticio-de-verano\\\/\"]}]},{\"@type\":\"ImageObject\",\"inLanguage\":\"es\",\"@id\":\"https:\\\/\\\/quike.it\\\/es\\\/el-solsticio-de-verano\\\/#primaryimage\",\"url\":\"https:\\\/\\\/quike.it\\\/es\\\/wp-content\\\/uploads\\\/sites\\\/3\\\/2021\\\/06\\\/stonehenge-4614639_640.jpg\",\"contentUrl\":\"https:\\\/\\\/quike.it\\\/es\\\/wp-content\\\/uploads\\\/sites\\\/3\\\/2021\\\/06\\\/stonehenge-4614639_640.jpg\",\"width\":640,\"height\":426,\"caption\":\"solsticio de verano\"},{\"@type\":\"BreadcrumbList\",\"@id\":\"https:\\\/\\\/quike.it\\\/es\\\/el-solsticio-de-verano\\\/#breadcrumb\",\"itemListElement\":[{\"@type\":\"ListItem\",\"position\":1,\"name\":\"Inicio\",\"item\":\"https:\\\/\\\/quike.it\\\/es\\\/\"},{\"@type\":\"ListItem\",\"position\":2,\"name\":\"General\",\"item\":\"https:\\\/\\\/quike.it\\\/es\\\/category\\\/general\\\/\"},{\"@type\":\"ListItem\",\"position\":3,\"name\":\"El Solsticio de Verano\"}]},{\"@type\":\"WebSite\",\"@id\":\"https:\\\/\\\/quike.it\\\/es\\\/#website\",\"url\":\"https:\\\/\\\/quike.it\\\/es\\\/\",\"name\":\"El BLOG de Enrique V\u00e1squez B.\",\"description\":\"\",\"publisher\":{\"@id\":\"https:\\\/\\\/quike.it\\\/es\\\/#\\\/schema\\\/person\\\/e53c62e8ab2e3f878e77d3a617483cc8\"},\"potentialAction\":[{\"@type\":\"SearchAction\",\"target\":{\"@type\":\"EntryPoint\",\"urlTemplate\":\"https:\\\/\\\/quike.it\\\/es\\\/?s={search_term_string}\"},\"query-input\":{\"@type\":\"PropertyValueSpecification\",\"valueRequired\":true,\"valueName\":\"search_term_string\"}}],\"inLanguage\":\"es\"},{\"@type\":[\"Person\",\"Organization\"],\"@id\":\"https:\\\/\\\/quike.it\\\/es\\\/#\\\/schema\\\/person\\\/e53c62e8ab2e3f878e77d3a617483cc8\",\"name\":\"Enrique V\u00e1squez B.\",\"image\":{\"@type\":\"ImageObject\",\"inLanguage\":\"es\",\"@id\":\"https:\\\/\\\/quike.it\\\/es\\\/wp-content\\\/uploads\\\/sites\\\/3\\\/2021\\\/02\\\/me.png\",\"url\":\"https:\\\/\\\/quike.it\\\/es\\\/wp-content\\\/uploads\\\/sites\\\/3\\\/2021\\\/02\\\/me.png\",\"contentUrl\":\"https:\\\/\\\/quike.it\\\/es\\\/wp-content\\\/uploads\\\/sites\\\/3\\\/2021\\\/02\\\/me.png\",\"width\":512,\"height\":512,\"caption\":\"Enrique V\u00e1squez B.\"},\"logo\":{\"@id\":\"https:\\\/\\\/quike.it\\\/es\\\/wp-content\\\/uploads\\\/sites\\\/3\\\/2021\\\/02\\\/me.png\"},\"description\":\"Programador desde 1988, con pasi\u00f3n por escribir art\u00edculos de todo tipo. Actualmente desarrolla para ZEVEN S.A. el Sistema de Facturaci\u00f3n Electr\u00f3nica. Ecuatoriano de nacimiento e italiano de residencia, escribe desde G\u00e9nova, ciudad que ha llegado a amar tanto como su natal Guayaquil. Padre de dos hijos que son su orgullo y esposo de una mujer excepcional.\",\"sameAs\":[\"https:\\\/\\\/quike.it\",\"https:\\\/\\\/www.facebook.com\\\/zeven.sa.1\",\"https:\\\/\\\/www.instagram.com\\\/quikev1974\",\"https:\\\/\\\/www.linkedin.com\\\/in\\\/carlos-enrique-vasquez-bautista-074893b\\\/\",\"https:\\\/\\\/x.com\\\/quike1974\"],\"url\":\"https:\\\/\\\/quike.it\\\/es\\\/author\\\/quike\\\/\"}]}<\/script>\n<!-- \/ Yoast SEO plugin. -->","yoast_head_json":{"title":"El Solsticio de Verano - Enrique V\u00e1squez - BLOG","description":"El solsticio de verano, que normalmente es el 21 de junio, coincide con el d\u00eda m\u00e1s largo del a\u00f1o, aquel con mas hora de luz solar,...","robots":{"index":"index","follow":"follow","max-snippet":"max-snippet:-1","max-image-preview":"max-image-preview:large","max-video-preview":"max-video-preview:-1"},"canonical":"https:\/\/quike.it\/es\/el-solsticio-de-verano\/","og_locale":"es_ES","og_type":"article","og_title":"El Solsticio de Verano","og_description":"El solsticio de verano, que normalmente es el 21 de junio, coincide con el d\u00eda m\u00e1s largo del a\u00f1o, aquel con mas hora de luz solar,...","og_url":"https:\/\/quike.it\/es\/el-solsticio-de-verano\/","og_site_name":"El BLOG de Enrique V\u00e1squez B.","article_publisher":"https:\/\/www.facebook.com\/zeven.sa.1","article_author":"https:\/\/www.facebook.com\/zeven.sa.1","article_published_time":"2021-06-20T15:20:41+00:00","article_modified_time":"2023-06-22T00:03:51+00:00","og_image":[{"width":640,"height":427,"url":"https:\/\/quike.it\/es\/wp-content\/uploads\/sites\/3\/2021\/06\/summer-solstice-4335896_640.jpg","type":"image\/jpeg"}],"author":"Enrique V\u00e1squez B.","twitter_card":"summary_large_image","twitter_title":"El Solsticio de Verano","twitter_description":"El solsticio de verano, que normalmente es el 21 de junio, coincide con el d\u00eda m\u00e1s largo del a\u00f1o, aquel con mas hora de luz solar,...","twitter_image":"https:\/\/quike.it\/es\/wp-content\/uploads\/sites\/3\/2021\/06\/summer-solstice-4335896_640.jpg","twitter_creator":"@quike1974","twitter_site":"@quike1974","twitter_misc":{"Escrito por":"Enrique V\u00e1squez B.","Tiempo de lectura":"4 minutos"},"schema":{"@context":"https:\/\/schema.org","@graph":[{"@type":"Article","@id":"https:\/\/quike.it\/es\/el-solsticio-de-verano\/#article","isPartOf":{"@id":"https:\/\/quike.it\/es\/el-solsticio-de-verano\/"},"author":{"name":"Enrique V\u00e1squez B.","@id":"https:\/\/quike.it\/es\/#\/schema\/person\/e53c62e8ab2e3f878e77d3a617483cc8"},"headline":"El Solsticio de Verano","datePublished":"2021-06-20T15:20:41+00:00","dateModified":"2023-06-22T00:03:51+00:00","mainEntityOfPage":{"@id":"https:\/\/quike.it\/es\/el-solsticio-de-verano\/"},"wordCount":692,"commentCount":0,"publisher":{"@id":"https:\/\/quike.it\/es\/#\/schema\/person\/e53c62e8ab2e3f878e77d3a617483cc8"},"image":{"@id":"https:\/\/quike.it\/es\/el-solsticio-de-verano\/#primaryimage"},"thumbnailUrl":"https:\/\/quike.it\/es\/wp-content\/uploads\/sites\/3\/2021\/06\/stonehenge-4614639_640.jpg","articleSection":["Curiosidades","General"],"inLanguage":"es","potentialAction":[{"@type":"CommentAction","name":"Comment","target":["https:\/\/quike.it\/es\/el-solsticio-de-verano\/#respond"]}]},{"@type":["WebPage","ItemPage"],"@id":"https:\/\/quike.it\/es\/el-solsticio-de-verano\/","url":"https:\/\/quike.it\/es\/el-solsticio-de-verano\/","name":"El Solsticio de Verano - Enrique V\u00e1squez - BLOG","isPartOf":{"@id":"https:\/\/quike.it\/es\/#website"},"primaryImageOfPage":{"@id":"https:\/\/quike.it\/es\/el-solsticio-de-verano\/#primaryimage"},"image":{"@id":"https:\/\/quike.it\/es\/el-solsticio-de-verano\/#primaryimage"},"thumbnailUrl":"https:\/\/quike.it\/es\/wp-content\/uploads\/sites\/3\/2021\/06\/stonehenge-4614639_640.jpg","datePublished":"2021-06-20T15:20:41+00:00","dateModified":"2023-06-22T00:03:51+00:00","description":"El solsticio de verano, que normalmente es el 21 de junio, coincide con el d\u00eda m\u00e1s largo del a\u00f1o, aquel con mas hora de luz solar,...","breadcrumb":{"@id":"https:\/\/quike.it\/es\/el-solsticio-de-verano\/#breadcrumb"},"inLanguage":"es","potentialAction":[{"@type":"ReadAction","target":["https:\/\/quike.it\/es\/el-solsticio-de-verano\/"]}]},{"@type":"ImageObject","inLanguage":"es","@id":"https:\/\/quike.it\/es\/el-solsticio-de-verano\/#primaryimage","url":"https:\/\/quike.it\/es\/wp-content\/uploads\/sites\/3\/2021\/06\/stonehenge-4614639_640.jpg","contentUrl":"https:\/\/quike.it\/es\/wp-content\/uploads\/sites\/3\/2021\/06\/stonehenge-4614639_640.jpg","width":640,"height":426,"caption":"solsticio de verano"},{"@type":"BreadcrumbList","@id":"https:\/\/quike.it\/es\/el-solsticio-de-verano\/#breadcrumb","itemListElement":[{"@type":"ListItem","position":1,"name":"Inicio","item":"https:\/\/quike.it\/es\/"},{"@type":"ListItem","position":2,"name":"General","item":"https:\/\/quike.it\/es\/category\/general\/"},{"@type":"ListItem","position":3,"name":"El Solsticio de Verano"}]},{"@type":"WebSite","@id":"https:\/\/quike.it\/es\/#website","url":"https:\/\/quike.it\/es\/","name":"El BLOG de Enrique V\u00e1squez B.","description":"","publisher":{"@id":"https:\/\/quike.it\/es\/#\/schema\/person\/e53c62e8ab2e3f878e77d3a617483cc8"},"potentialAction":[{"@type":"SearchAction","target":{"@type":"EntryPoint","urlTemplate":"https:\/\/quike.it\/es\/?s={search_term_string}"},"query-input":{"@type":"PropertyValueSpecification","valueRequired":true,"valueName":"search_term_string"}}],"inLanguage":"es"},{"@type":["Person","Organization"],"@id":"https:\/\/quike.it\/es\/#\/schema\/person\/e53c62e8ab2e3f878e77d3a617483cc8","name":"Enrique V\u00e1squez B.","image":{"@type":"ImageObject","inLanguage":"es","@id":"https:\/\/quike.it\/es\/wp-content\/uploads\/sites\/3\/2021\/02\/me.png","url":"https:\/\/quike.it\/es\/wp-content\/uploads\/sites\/3\/2021\/02\/me.png","contentUrl":"https:\/\/quike.it\/es\/wp-content\/uploads\/sites\/3\/2021\/02\/me.png","width":512,"height":512,"caption":"Enrique V\u00e1squez B."},"logo":{"@id":"https:\/\/quike.it\/es\/wp-content\/uploads\/sites\/3\/2021\/02\/me.png"},"description":"Programador desde 1988, con pasi\u00f3n por escribir art\u00edculos de todo tipo. Actualmente desarrolla para ZEVEN S.A. el Sistema de Facturaci\u00f3n Electr\u00f3nica. Ecuatoriano de nacimiento e italiano de residencia, escribe desde G\u00e9nova, ciudad que ha llegado a amar tanto como su natal Guayaquil. Padre de dos hijos que son su orgullo y esposo de una mujer excepcional.","sameAs":["https:\/\/quike.it","https:\/\/www.facebook.com\/zeven.sa.1","https:\/\/www.instagram.com\/quikev1974","https:\/\/www.linkedin.com\/in\/carlos-enrique-vasquez-bautista-074893b\/","https:\/\/x.com\/quike1974"],"url":"https:\/\/quike.it\/es\/author\/quike\/"}]}},"_links":{"self":[{"href":"https:\/\/quike.it\/es\/wp-json\/wp\/v2\/posts\/6803","targetHints":{"allow":["GET"]}}],"collection":[{"href":"https:\/\/quike.it\/es\/wp-json\/wp\/v2\/posts"}],"about":[{"href":"https:\/\/quike.it\/es\/wp-json\/wp\/v2\/types\/post"}],"author":[{"embeddable":true,"href":"https:\/\/quike.it\/es\/wp-json\/wp\/v2\/users\/2"}],"replies":[{"embeddable":true,"href":"https:\/\/quike.it\/es\/wp-json\/wp\/v2\/comments?post=6803"}],"version-history":[{"count":23,"href":"https:\/\/quike.it\/es\/wp-json\/wp\/v2\/posts\/6803\/revisions"}],"predecessor-version":[{"id":24246,"href":"https:\/\/quike.it\/es\/wp-json\/wp\/v2\/posts\/6803\/revisions\/24246"}],"wp:featuredmedia":[{"embeddable":true,"href":"https:\/\/quike.it\/es\/wp-json\/wp\/v2\/media\/6805"}],"wp:attachment":[{"href":"https:\/\/quike.it\/es\/wp-json\/wp\/v2\/media?parent=6803"}],"wp:term":[{"taxonomy":"category","embeddable":true,"href":"https:\/\/quike.it\/es\/wp-json\/wp\/v2\/categories?post=6803"},{"taxonomy":"post_tag","embeddable":true,"href":"https:\/\/quike.it\/es\/wp-json\/wp\/v2\/tags?post=6803"}],"curies":[{"name":"wp","href":"https:\/\/api.w.org\/{rel}","templated":true}]}}