{"id":6993,"date":"2021-06-24T18:51:33","date_gmt":"2021-06-24T17:51:33","guid":{"rendered":"https:\/\/quike.it\/es\/?p=6993"},"modified":"2021-06-24T19:26:28","modified_gmt":"2021-06-24T18:26:28","slug":"microsoft-anuncia-formalmente-windows-11","status":"publish","type":"post","link":"https:\/\/quike.it\/es\/microsoft-anuncia-formalmente-windows-11\/","title":{"rendered":"Microsoft Anuncia Formalmente Windows 11"},"content":{"rendered":"\t\t<div data-elementor-type=\"wp-post\" data-elementor-id=\"6993\" class=\"elementor elementor-6993\" data-elementor-post-type=\"post\">\n\t\t\t\t\t\t<section class=\"elementor-section elementor-top-section elementor-element elementor-element-33bb939 elementor-section-boxed elementor-section-height-default elementor-section-height-default\" data-id=\"33bb939\" data-element_type=\"section\" data-e-type=\"section\">\n\t\t\t\t\t\t<div class=\"elementor-container elementor-column-gap-default\">\n\t\t\t\t\t<div class=\"elementor-column elementor-col-100 elementor-top-column elementor-element elementor-element-a905e3c\" data-id=\"a905e3c\" data-element_type=\"column\" data-e-type=\"column\">\n\t\t\t<div class=\"elementor-widget-wrap elementor-element-populated\">\n\t\t\t\t\t\t<div class=\"elementor-element elementor-element-9b4c6a0 elementor-widget elementor-widget-text-editor\" data-id=\"9b4c6a0\" data-element_type=\"widget\" data-e-type=\"widget\" data-widget_type=\"text-editor.default\">\n\t\t\t\t\t\t\t\t\t<p>La pr\u00f3xima versi\u00f3n de <strong>Windows,<\/strong> a la que los desarrolladores de <strong>Microsoft<\/strong> se han referido como <a href=\"https:\/\/es.wikipedia.org\/wiki\/Windows_11\" target=\"_blank\" rel=\"noopener\"><strong>\u00abWindows Sun Valley\u00bb<\/strong><\/a>, ya es oficial.<\/p><p><strong>Microsoft<\/strong> revel\u00f3 hoy que su pr\u00f3ximo gran <strong>sistema operativo<\/strong> recibir\u00e1 el nombre que todos esper\u00e1bamos: <a href=\"https:\/\/es.wikipedia.org\/wiki\/Windows_11\" target=\"_blank\" rel=\"noopener\"><strong>Windows 11<\/strong><\/a>.<\/p><p>Durante el evento, los ejecutivos de <strong>Microsoft<\/strong> revelaron lo que <a href=\"https:\/\/es.wikipedia.org\/wiki\/Windows_11\" target=\"_blank\" rel=\"noopener\"><strong>Windows 11<\/strong><\/a> traer\u00e1 nuevas caracter\u00edsticas para los clientes, un objetivo particularmente importante para <strong>Microsoft<\/strong> , dado que los consumidores est\u00e1n perdiendo inter\u00e9s en <strong>Windows<\/strong> ya que el sistema operativo ha estado en segundo plano en los \u00faltimos cinco a\u00f1os.<\/p>\t\t\t\t\t\t\t\t<\/div>\n\t\t\t\t\t<\/div>\n\t\t<\/div>\n\t\t\t\t\t<\/div>\n\t\t<\/section>\n\t\t\t\t<section class=\"elementor-section elementor-top-section elementor-element elementor-element-ccdcd0b elementor-section-boxed elementor-section-height-default elementor-section-height-default\" data-id=\"ccdcd0b\" data-element_type=\"section\" data-e-type=\"section\">\n\t\t\t\t\t\t<div class=\"elementor-container elementor-column-gap-default\">\n\t\t\t\t\t<div class=\"elementor-column elementor-col-100 elementor-top-column elementor-element elementor-element-9ab3d58\" data-id=\"9ab3d58\" data-element_type=\"column\" data-e-type=\"column\">\n\t\t\t<div class=\"elementor-widget-wrap elementor-element-populated\">\n\t\t\t\t\t\t<div class=\"elementor-element elementor-element-5afa761 elementor-widget elementor-widget-text-editor\" data-id=\"5afa761\" data-element_type=\"widget\" data-e-type=\"widget\" data-widget_type=\"text-editor.default\">\n\t\t\t\t\t\t\t\t\t<p>La vista previa t\u00e9cnica o <strong>Insider<\/strong> de <strong>Windows 11<\/strong> se lanzar\u00e1 pronto y tendr\u00e1 precisamente ese enfoque de <strong>\u00abcliente\u00bb<\/strong> con todo el nuevo men\u00fa de inicio y nuevas funciones sofisticadas.<\/p><p>Es probable que le falten caracter\u00edsticas orientadas a la empresa, pero como se espera que <strong>Windows 11<\/strong> se lance en el <a href=\"https:\/\/es.wikipedia.org\/wiki\/Oto%C3%B1o\" target=\"_blank\" rel=\"noopener\"><strong>oto\u00f1o<\/strong><\/a> de este a\u00f1o, <strong>Microsoft<\/strong> todav\u00eda tiene mucho tiempo para agregar caracter\u00edsticas adicionales al <strong>sistema operativo<\/strong>.<\/p>\t\t\t\t\t\t\t\t<\/div>\n\t\t\t\t\t<\/div>\n\t\t<\/div>\n\t\t\t\t\t<\/div>\n\t\t<\/section>\n\t\t\t\t<section class=\"elementor-section elementor-top-section elementor-element elementor-element-26a3cbc elementor-section-boxed elementor-section-height-default elementor-section-height-default\" data-id=\"26a3cbc\" data-element_type=\"section\" data-e-type=\"section\">\n\t\t\t\t\t\t<div class=\"elementor-container elementor-column-gap-default\">\n\t\t\t\t\t<div class=\"elementor-column elementor-col-100 elementor-top-column elementor-element elementor-element-247096b\" data-id=\"247096b\" data-element_type=\"column\" data-e-type=\"column\">\n\t\t\t<div class=\"elementor-widget-wrap elementor-element-populated\">\n\t\t\t\t\t\t<div class=\"elementor-element elementor-element-516514a elementor-widget elementor-widget-heading\" data-id=\"516514a\" data-element_type=\"widget\" data-e-type=\"widget\" data-widget_type=\"heading.default\">\n\t\t\t\t\t<h2 class=\"elementor-heading-title elementor-size-default\">El men\u00fa de inicio tiene un nuevo aspecto<\/h2>\t\t\t\t<\/div>\n\t\t\t\t\t<\/div>\n\t\t<\/div>\n\t\t\t\t\t<\/div>\n\t\t<\/section>\n\t\t\t\t<section class=\"elementor-section elementor-top-section elementor-element elementor-element-b107658 elementor-section-boxed elementor-section-height-default elementor-section-height-default\" data-id=\"b107658\" data-element_type=\"section\" data-e-type=\"section\">\n\t\t\t\t\t\t<div class=\"elementor-container elementor-column-gap-default\">\n\t\t\t\t\t<div class=\"elementor-column elementor-col-100 elementor-top-column elementor-element elementor-element-bd0a74b\" data-id=\"bd0a74b\" data-element_type=\"column\" data-e-type=\"column\">\n\t\t\t<div class=\"elementor-widget-wrap elementor-element-populated\">\n\t\t\t\t\t\t<div class=\"elementor-element elementor-element-e91577c elementor-widget elementor-widget-text-editor\" data-id=\"e91577c\" data-element_type=\"widget\" data-e-type=\"widget\" data-widget_type=\"text-editor.default\">\n\t\t\t\t\t\t\t\t\t<p>El <a href=\"https:\/\/es.wikipedia.org\/wiki\/Men%C3%BA_Inicio\" target=\"_blank\" rel=\"noopener\"><strong>men\u00fa Inicio<\/strong><\/a> se ha renovado y viene con un aspecto completamente nuevo que se asemeja a <a href=\"https:\/\/es.wikipedia.org\/wiki\/Windows_Core\" target=\"_blank\" rel=\"noopener\"><strong>Windows 10X<\/strong><\/a>, el <strong>sistema operativo<\/strong> cancelado de <strong>Microsoft<\/strong> para <a href=\"https:\/\/quike.it\/es\/windows-11-mejorara-la-configuracion-de-multiples-monitores\/\"><strong>dispositivos con doble pantalla<\/strong><\/a>.<\/p><p>Adem\u00e1s, el <a href=\"https:\/\/es.wikipedia.org\/wiki\/Men%C3%BA_Inicio\" target=\"_blank\" rel=\"noopener\"><strong>men\u00fa Inicio<\/strong><\/a> estar\u00e1 centrado, lo que significa que ya no se encontrar\u00e1 en la esquina inferior izquierda de forma predeterminada.<\/p><p>Sin embargo, los usuarios pueden cambiar a la alineaci\u00f3n izquierda desde la aplicaci\u00f3n <strong>Configuraci\u00f3n,<\/strong> que tambi\u00e9n se est\u00e1 renovando.<\/p><p>Los <strong>Live Title<\/strong> se han ido como se esperaba y el <a href=\"https:\/\/es.wikipedia.org\/wiki\/Men%C3%BA_Inicio\" target=\"_blank\" rel=\"noopener\"><strong>men\u00fa Inicio<\/strong><\/a> utiliza un dise\u00f1o de cuadr\u00edcula simplificado con iconos que se muestran sin su funcionalidad <strong>Live Title<\/strong>.<\/p><p>El \u00e1rea superior del <a href=\"https:\/\/es.wikipedia.org\/wiki\/Men%C3%BA_Inicio\" target=\"_blank\" rel=\"noopener\"><strong>men\u00fa Inicio<\/strong><\/a> presenta aplicaciones <em><strong>\u00abancladas\u00bb,<\/strong><\/em> mientras que la parte inferior se usa como reemplazo de la l\u00ednea de tiempo de <strong>Windows,<\/strong> que se ha eliminado de <strong>Windows 11<\/strong>.<\/p>\t\t\t\t\t\t\t\t<\/div>\n\t\t\t\t\t<\/div>\n\t\t<\/div>\n\t\t\t\t\t<\/div>\n\t\t<\/section>\n\t\t\t\t<section class=\"elementor-section elementor-top-section elementor-element elementor-element-80f443a elementor-section-boxed elementor-section-height-default elementor-section-height-default\" data-id=\"80f443a\" data-element_type=\"section\" data-e-type=\"section\">\n\t\t\t\t\t\t<div class=\"elementor-container elementor-column-gap-default\">\n\t\t\t\t\t<div class=\"elementor-column elementor-col-100 elementor-top-column elementor-element elementor-element-7f4fae2\" data-id=\"7f4fae2\" data-element_type=\"column\" data-e-type=\"column\">\n\t\t\t<div class=\"elementor-widget-wrap elementor-element-populated\">\n\t\t\t\t\t\t<div class=\"elementor-element elementor-element-d57e725 elementor-widget elementor-widget-image\" data-id=\"d57e725\" data-element_type=\"widget\" data-e-type=\"widget\" data-widget_type=\"image.default\">\n\t\t\t\t\t\t\t\t\t\t\t\t\t\t\t<img fetchpriority=\"high\" decoding=\"async\" width=\"800\" height=\"450\" src=\"https:\/\/quike.it\/es\/wp-content\/uploads\/sites\/3\/2021\/06\/Windows_11_abtract_concept1-1024x576.png\" class=\"attachment-large size-large wp-image-6995\" alt=\"Microsoft Windows 11\" srcset=\"https:\/\/quike.it\/es\/wp-content\/uploads\/sites\/3\/2021\/06\/Windows_11_abtract_concept1-1024x576.png 1024w, https:\/\/quike.it\/es\/wp-content\/uploads\/sites\/3\/2021\/06\/Windows_11_abtract_concept1-300x169.png 300w, https:\/\/quike.it\/es\/wp-content\/uploads\/sites\/3\/2021\/06\/Windows_11_abtract_concept1-768x432.png 768w, https:\/\/quike.it\/es\/wp-content\/uploads\/sites\/3\/2021\/06\/Windows_11_abtract_concept1.png 1200w\" sizes=\"(max-width: 800px) 100vw, 800px\" \/>\t\t\t\t\t\t\t\t\t\t\t\t\t\t\t<\/div>\n\t\t\t\t\t<\/div>\n\t\t<\/div>\n\t\t\t\t\t<\/div>\n\t\t<\/section>\n\t\t\t\t<section class=\"elementor-section elementor-top-section elementor-element elementor-element-59622d0 elementor-section-boxed elementor-section-height-default elementor-section-height-default\" data-id=\"59622d0\" data-element_type=\"section\" data-e-type=\"section\">\n\t\t\t\t\t\t<div class=\"elementor-container elementor-column-gap-default\">\n\t\t\t\t\t<div class=\"elementor-column elementor-col-100 elementor-top-column elementor-element elementor-element-0d09275\" data-id=\"0d09275\" data-element_type=\"column\" data-e-type=\"column\">\n\t\t\t<div class=\"elementor-widget-wrap elementor-element-populated\">\n\t\t\t\t\t\t<div class=\"elementor-element elementor-element-19b4d29 elementor-widget elementor-widget-text-editor\" data-id=\"19b4d29\" data-element_type=\"widget\" data-e-type=\"widget\" data-widget_type=\"text-editor.default\">\n\t\t\t\t\t\t\t\t\t<p>El <a href=\"https:\/\/es.wikipedia.org\/wiki\/Men%C3%BA_Inicio\" target=\"_blank\" rel=\"noopener\"><strong>men\u00fa Inicio<\/strong><\/a> ahora puede mostrar archivos y aplicaciones recomendadas de su cuenta local o de <strong>Microsoft.<\/strong><\/p><p>Las opciones de energ\u00eda ahora est\u00e1n ubicadas en la esquina inferior derecha y vienen con opciones cl\u00e1sicas como apagar, suspender o reiniciar el sistema.<\/p><p>El dise\u00f1o del <a href=\"https:\/\/es.wikipedia.org\/wiki\/Men%C3%BA_Inicio\" target=\"_blank\" rel=\"noopener\"><strong>men\u00fa Inicio<\/strong><\/a> podr\u00eda perfeccionarse a\u00fan m\u00e1s si aplica el color de acento y utiliza los nuevos fondos de pantalla de flujo de <strong>Microsoft.<\/strong><\/p><p>Es posible que se agreguen nuevas caracter\u00edsticas a <a href=\"https:\/\/es.wikipedia.org\/wiki\/Men%C3%BA_Inicio\" target=\"_blank\" rel=\"noopener\"><strong>Start<\/strong><\/a> muchas para cuando <strong>Windows 11<\/strong> vea la luz del d\u00eda en el canal del consumidor final, con informaci\u00f3n adicional que compartir\u00e1 el equipo de <strong>Windows Insider<\/strong> en los pr\u00f3ximos meses.<\/p>\t\t\t\t\t\t\t\t<\/div>\n\t\t\t\t\t<\/div>\n\t\t<\/div>\n\t\t\t\t\t<\/div>\n\t\t<\/section>\n\t\t\t\t<section class=\"elementor-section elementor-top-section elementor-element elementor-element-da76d19 elementor-section-boxed elementor-section-height-default elementor-section-height-default\" data-id=\"da76d19\" data-element_type=\"section\" data-e-type=\"section\">\n\t\t\t\t\t\t<div class=\"elementor-container elementor-column-gap-default\">\n\t\t\t\t\t<div class=\"elementor-column elementor-col-100 elementor-top-column elementor-element elementor-element-f861507\" data-id=\"f861507\" data-element_type=\"column\" data-e-type=\"column\">\n\t\t\t<div class=\"elementor-widget-wrap elementor-element-populated\">\n\t\t\t\t\t\t<div class=\"elementor-element elementor-element-ff3011b elementor-widget elementor-widget-image\" data-id=\"ff3011b\" data-element_type=\"widget\" data-e-type=\"widget\" data-widget_type=\"image.default\">\n\t\t\t\t\t\t\t\t\t\t\t\t\t\t\t<img decoding=\"async\" width=\"800\" height=\"418\" src=\"https:\/\/quike.it\/es\/wp-content\/uploads\/sites\/3\/2021\/06\/Start-Menu-light-1024x5351-1.jpg\" class=\"attachment-large size-large wp-image-7002\" alt=\"Novedades en Windows 11\" srcset=\"https:\/\/quike.it\/es\/wp-content\/uploads\/sites\/3\/2021\/06\/Start-Menu-light-1024x5351-1.jpg 1024w, https:\/\/quike.it\/es\/wp-content\/uploads\/sites\/3\/2021\/06\/Start-Menu-light-1024x5351-1-300x157.jpg 300w, https:\/\/quike.it\/es\/wp-content\/uploads\/sites\/3\/2021\/06\/Start-Menu-light-1024x5351-1-768x401.jpg 768w\" sizes=\"(max-width: 800px) 100vw, 800px\" \/>\t\t\t\t\t\t\t\t\t\t\t\t\t\t\t<\/div>\n\t\t\t\t\t<\/div>\n\t\t<\/div>\n\t\t\t\t\t<\/div>\n\t\t<\/section>\n\t\t\t\t<section class=\"elementor-section elementor-top-section elementor-element elementor-element-a6e137f elementor-section-boxed elementor-section-height-default elementor-section-height-default\" data-id=\"a6e137f\" data-element_type=\"section\" data-e-type=\"section\">\n\t\t\t\t\t\t<div class=\"elementor-container elementor-column-gap-default\">\n\t\t\t\t\t<div class=\"elementor-column elementor-col-100 elementor-top-column elementor-element elementor-element-7199ebc\" data-id=\"7199ebc\" data-element_type=\"column\" data-e-type=\"column\">\n\t\t\t<div class=\"elementor-widget-wrap elementor-element-populated\">\n\t\t\t\t\t\t<div class=\"elementor-element elementor-element-364569c elementor-widget elementor-widget-text-editor\" data-id=\"364569c\" data-element_type=\"widget\" data-e-type=\"widget\" data-widget_type=\"text-editor.default\">\n\t\t\t\t\t\t\t\t\t<p>Por supuesto, si no le gusta el nuevo <strong>Inicio,<\/strong> siempre puede restaurar la versi\u00f3n cl\u00e1sica, que tambi\u00e9n se ha actualizado con esquinas redondeadas.<\/p>\t\t\t\t\t\t\t\t<\/div>\n\t\t\t\t\t<\/div>\n\t\t<\/div>\n\t\t\t\t\t<\/div>\n\t\t<\/section>\n\t\t\t\t<section class=\"elementor-section elementor-top-section elementor-element elementor-element-0459e08 elementor-section-boxed elementor-section-height-default elementor-section-height-default\" data-id=\"0459e08\" data-element_type=\"section\" data-e-type=\"section\">\n\t\t\t\t\t\t<div class=\"elementor-container elementor-column-gap-default\">\n\t\t\t\t\t<div class=\"elementor-column elementor-col-100 elementor-top-column elementor-element elementor-element-c37961e\" data-id=\"c37961e\" data-element_type=\"column\" data-e-type=\"column\">\n\t\t\t<div class=\"elementor-widget-wrap elementor-element-populated\">\n\t\t\t\t\t\t<div class=\"elementor-element elementor-element-72e08f6 elementor-widget elementor-widget-image\" data-id=\"72e08f6\" data-element_type=\"widget\" data-e-type=\"widget\" data-widget_type=\"image.default\">\n\t\t\t\t\t\t\t\t\t\t\t\t\t\t\t<img decoding=\"async\" width=\"800\" height=\"417\" src=\"https:\/\/quike.it\/es\/wp-content\/uploads\/sites\/3\/2021\/06\/Start-Menu-left-light-1024x5341-1.jpg\" class=\"attachment-large size-large wp-image-7003\" alt=\"Microsoft Windows 11\" srcset=\"https:\/\/quike.it\/es\/wp-content\/uploads\/sites\/3\/2021\/06\/Start-Menu-left-light-1024x5341-1.jpg 1024w, https:\/\/quike.it\/es\/wp-content\/uploads\/sites\/3\/2021\/06\/Start-Menu-left-light-1024x5341-1-300x156.jpg 300w, https:\/\/quike.it\/es\/wp-content\/uploads\/sites\/3\/2021\/06\/Start-Menu-left-light-1024x5341-1-768x401.jpg 768w\" sizes=\"(max-width: 800px) 100vw, 800px\" \/>\t\t\t\t\t\t\t\t\t\t\t\t\t\t\t<\/div>\n\t\t\t\t\t<\/div>\n\t\t<\/div>\n\t\t\t\t\t<\/div>\n\t\t<\/section>\n\t\t\t\t<section class=\"elementor-section elementor-top-section elementor-element elementor-element-7b3b602 elementor-section-boxed elementor-section-height-default elementor-section-height-default\" data-id=\"7b3b602\" data-element_type=\"section\" data-e-type=\"section\">\n\t\t\t\t\t\t<div class=\"elementor-container elementor-column-gap-default\">\n\t\t\t\t\t<div class=\"elementor-column elementor-col-100 elementor-top-column elementor-element elementor-element-e120fdb\" data-id=\"e120fdb\" data-element_type=\"column\" data-e-type=\"column\">\n\t\t\t<div class=\"elementor-widget-wrap elementor-element-populated\">\n\t\t\t\t\t\t<div class=\"elementor-element elementor-element-e7ef74f elementor-widget elementor-widget-heading\" data-id=\"e7ef74f\" data-element_type=\"widget\" data-e-type=\"widget\" data-widget_type=\"heading.default\">\n\t\t\t\t\t<h2 class=\"elementor-heading-title elementor-size-default\">Una nueva aplicaci\u00f3n de configuraci\u00f3n<\/h2>\t\t\t\t<\/div>\n\t\t\t\t\t<\/div>\n\t\t<\/div>\n\t\t\t\t\t<\/div>\n\t\t<\/section>\n\t\t\t\t<section class=\"elementor-section elementor-top-section elementor-element elementor-element-b4b4016 elementor-section-boxed elementor-section-height-default elementor-section-height-default\" data-id=\"b4b4016\" data-element_type=\"section\" data-e-type=\"section\">\n\t\t\t\t\t\t<div class=\"elementor-container elementor-column-gap-default\">\n\t\t\t\t\t<div class=\"elementor-column elementor-col-100 elementor-top-column elementor-element elementor-element-2ba3b4f\" data-id=\"2ba3b4f\" data-element_type=\"column\" data-e-type=\"column\">\n\t\t\t<div class=\"elementor-widget-wrap elementor-element-populated\">\n\t\t\t\t\t\t<div class=\"elementor-element elementor-element-94f12a1 elementor-widget elementor-widget-text-editor\" data-id=\"94f12a1\" data-element_type=\"widget\" data-e-type=\"widget\" data-widget_type=\"text-editor.default\">\n\t\t\t\t\t\t\t\t\t<p>La configuraci\u00f3n de <strong>Windows,<\/strong> que una vez se supon\u00eda que reemplazar\u00eda al <strong>Panel de control<\/strong>, recibir\u00e1 una actualizaci\u00f3n importante con el lanzamiento del nuevo <strong>sistema operativo<\/strong> de <strong>Microsoft<\/strong> este <strong>oto\u00f1o.<\/strong><\/p><p>La aplicaci\u00f3n <strong>Configuraci\u00f3n<\/strong> tiene una nueva reorganizaci\u00f3n del\u00a0 dise\u00f1o, los iconos m\u00e1s coloridos, y un nuevo <strong>men\u00fa de navegaci\u00f3n<\/strong> en el lado izquierdo, similar al <strong>Panel de control<\/strong>.<\/p><p>El <strong>men\u00fa de navegaci\u00f3n<\/strong> le ayudar\u00e1 a acceder a <em><strong>Actualizaciones y seguridad<\/strong><\/em>, <em><strong>Personalizaci\u00f3n,<\/strong> <strong>Bluetooth<\/strong><\/em> y otras p\u00e1ginas de la <em><strong>Configuraci\u00f3n.<\/strong><\/em><\/p><p>A continuaci\u00f3n, una lista de todas las dem\u00e1s mejoras importantes:<\/p>\t\t\t\t\t\t\t\t<\/div>\n\t\t\t\t\t<\/div>\n\t\t<\/div>\n\t\t\t\t\t<\/div>\n\t\t<\/section>\n\t\t\t\t<section class=\"elementor-section elementor-top-section elementor-element elementor-element-ecfed9c elementor-section-boxed elementor-section-height-default elementor-section-height-default\" data-id=\"ecfed9c\" data-element_type=\"section\" data-e-type=\"section\">\n\t\t\t\t\t\t<div class=\"elementor-container elementor-column-gap-default\">\n\t\t\t\t\t<div class=\"elementor-column elementor-col-100 elementor-top-column elementor-element elementor-element-ecd09ee\" data-id=\"ecd09ee\" data-element_type=\"column\" data-e-type=\"column\">\n\t\t\t<div class=\"elementor-widget-wrap elementor-element-populated\">\n\t\t\t\t\t\t<div class=\"elementor-element elementor-element-d89f45b elementor-widget elementor-widget-text-editor\" data-id=\"d89f45b\" data-element_type=\"widget\" data-e-type=\"widget\" data-widget_type=\"text-editor.default\">\n\t\t\t\t\t\t\t\t\t<ul><li><strong>Centro de actividades<\/strong> redise\u00f1ado, <strong>barra de tareas<\/strong> y otras interfaces.<\/li><li>Esquinas redondeadas por todas partes.<\/li><li>Nuevos controles t\u00e1ctiles y gestos.<\/li><li><strong>Explorador de archivos<\/strong> actualizado.<\/li><li>Nuevo <strong>Windows Store<\/strong><\/li><\/ul>\t\t\t\t\t\t\t\t<\/div>\n\t\t\t\t\t<\/div>\n\t\t<\/div>\n\t\t\t\t\t<\/div>\n\t\t<\/section>\n\t\t\t\t<section class=\"elementor-section elementor-top-section elementor-element elementor-element-02f6c26 elementor-section-boxed elementor-section-height-default elementor-section-height-default\" data-id=\"02f6c26\" data-element_type=\"section\" data-e-type=\"section\">\n\t\t\t\t\t\t<div class=\"elementor-container elementor-column-gap-default\">\n\t\t\t\t\t<div class=\"elementor-column elementor-col-100 elementor-top-column elementor-element elementor-element-49d7892\" data-id=\"49d7892\" data-element_type=\"column\" data-e-type=\"column\">\n\t\t\t<div class=\"elementor-widget-wrap elementor-element-populated\">\n\t\t\t\t\t\t<div class=\"elementor-element elementor-element-d0a2cd3 elementor-widget elementor-widget-text-editor\" data-id=\"d0a2cd3\" data-element_type=\"widget\" data-e-type=\"widget\" data-widget_type=\"text-editor.default\">\n\t\t\t\t\t\t\t\t\t<p>Visita siempre este <strong>Blog<\/strong> para que est\u00e9s informado de las ultimas novedades de <strong>Microsoft Windows 11<\/strong> que publicaremos.<\/p>\t\t\t\t\t\t\t\t<\/div>\n\t\t\t\t\t<\/div>\n\t\t<\/div>\n\t\t\t\t\t<\/div>\n\t\t<\/section>\n\t\t\t\t<\/div>\n\t\t","protected":false},"excerpt":{"rendered":"<p>La pr\u00f3xima versi\u00f3n de Windows, a la que los desarrolladores de Microsoft se han referido como \u00abWindows Sun Valley\u00bb, ya es oficial. Microsoft revel\u00f3 hoy que su pr\u00f3ximo gran sistema operativo recibir\u00e1 el nombre que todos esper\u00e1bamos: Windows 11. Durante el evento, los ejecutivos de Microsoft revelaron lo que Windows 11 traer\u00e1 nuevas caracter\u00edsticas para [&hellip;]<\/p>\n","protected":false},"author":2,"featured_media":7028,"comment_status":"open","ping_status":"open","sticky":false,"template":"","format":"standard","meta":{"_monsterinsights_skip_tracking":false,"_monsterinsights_sitenote_active":false,"_monsterinsights_sitenote_note":"","_monsterinsights_sitenote_category":0,"footnotes":""},"categories":[1,25,28],"tags":[],"class_list":["post-6993","post","type-post","status-publish","format-standard","has-post-thumbnail","hentry","category-informatica","category-sistemas-operativos","category-windows"],"yoast_head":"<!-- This site is optimized with the Yoast SEO plugin v27.5 - https:\/\/yoast.com\/product\/yoast-seo-wordpress\/ -->\n<title>Microsoft Anuncia Formalmente Windows 11 - Enrique V\u00e1squez - BLOG<\/title>\n<meta name=\"description\" content=\"Durante el evento, los ejecutivos de Microsoft revelaron lo que Windows 11 traer\u00e1 nuevas caracter\u00edsticas para los clientes, un objetivo...\" \/>\n<meta name=\"robots\" content=\"index, follow, max-snippet:-1, max-image-preview:large, max-video-preview:-1\" \/>\n<link rel=\"canonical\" href=\"https:\/\/quike.it\/es\/microsoft-anuncia-formalmente-windows-11\/\" \/>\n<meta property=\"og:locale\" content=\"es_ES\" \/>\n<meta property=\"og:type\" content=\"article\" \/>\n<meta property=\"og:title\" content=\"Microsoft Anuncia Formalmente Windows 11 - Enrique V\u00e1squez - BLOG\" \/>\n<meta property=\"og:description\" content=\"Durante el evento, los ejecutivos de Microsoft revelaron lo que Windows 11 traer\u00e1 nuevas caracter\u00edsticas para los clientes, un objetivo...\" \/>\n<meta property=\"og:url\" content=\"https:\/\/quike.it\/es\/microsoft-anuncia-formalmente-windows-11\/\" \/>\n<meta property=\"og:site_name\" content=\"El BLOG de Enrique V\u00e1squez B.\" \/>\n<meta property=\"article:publisher\" content=\"https:\/\/www.facebook.com\/zeven.sa.1\" \/>\n<meta property=\"article:author\" content=\"https:\/\/www.facebook.com\/zeven.sa.1\" \/>\n<meta property=\"article:published_time\" content=\"2021-06-24T17:51:33+00:00\" \/>\n<meta property=\"article:modified_time\" content=\"2021-06-24T18:26:28+00:00\" \/>\n<meta property=\"og:image\" content=\"https:\/\/quike.it\/es\/wp-content\/uploads\/sites\/3\/2021\/06\/windows_111.png\" \/>\n\t<meta property=\"og:image:width\" content=\"747\" \/>\n\t<meta property=\"og:image:height\" content=\"420\" \/>\n\t<meta property=\"og:image:type\" content=\"image\/png\" \/>\n<meta name=\"author\" content=\"Enrique V\u00e1squez B.\" \/>\n<meta name=\"twitter:card\" content=\"summary_large_image\" \/>\n<meta name=\"twitter:creator\" content=\"@quike1974\" \/>\n<meta name=\"twitter:site\" content=\"@quike1974\" \/>\n<meta name=\"twitter:label1\" content=\"Escrito por\" \/>\n\t<meta name=\"twitter:data1\" content=\"Enrique V\u00e1squez B.\" \/>\n\t<meta name=\"twitter:label2\" content=\"Tiempo de lectura\" \/>\n\t<meta name=\"twitter:data2\" content=\"4 minutos\" \/>\n<script type=\"application\/ld+json\" class=\"yoast-schema-graph\">{\"@context\":\"https:\\\/\\\/schema.org\",\"@graph\":[{\"@type\":\"Article\",\"@id\":\"https:\\\/\\\/quike.it\\\/es\\\/microsoft-anuncia-formalmente-windows-11\\\/#article\",\"isPartOf\":{\"@id\":\"https:\\\/\\\/quike.it\\\/es\\\/microsoft-anuncia-formalmente-windows-11\\\/\"},\"author\":{\"name\":\"Enrique V\u00e1squez B.\",\"@id\":\"https:\\\/\\\/quike.it\\\/es\\\/#\\\/schema\\\/person\\\/e53c62e8ab2e3f878e77d3a617483cc8\"},\"headline\":\"Microsoft Anuncia Formalmente Windows 11\",\"datePublished\":\"2021-06-24T17:51:33+00:00\",\"dateModified\":\"2021-06-24T18:26:28+00:00\",\"mainEntityOfPage\":{\"@id\":\"https:\\\/\\\/quike.it\\\/es\\\/microsoft-anuncia-formalmente-windows-11\\\/\"},\"wordCount\":617,\"commentCount\":0,\"publisher\":{\"@id\":\"https:\\\/\\\/quike.it\\\/es\\\/#\\\/schema\\\/person\\\/e53c62e8ab2e3f878e77d3a617483cc8\"},\"image\":{\"@id\":\"https:\\\/\\\/quike.it\\\/es\\\/microsoft-anuncia-formalmente-windows-11\\\/#primaryimage\"},\"thumbnailUrl\":\"https:\\\/\\\/quike.it\\\/es\\\/wp-content\\\/uploads\\\/sites\\\/3\\\/2021\\\/06\\\/windows_111.png\",\"articleSection\":[\"Inform\u00e1tica\",\"Sistemas Operativos\",\"Windows\"],\"inLanguage\":\"es\",\"potentialAction\":[{\"@type\":\"CommentAction\",\"name\":\"Comment\",\"target\":[\"https:\\\/\\\/quike.it\\\/es\\\/microsoft-anuncia-formalmente-windows-11\\\/#respond\"]}]},{\"@type\":[\"WebPage\",\"ItemPage\"],\"@id\":\"https:\\\/\\\/quike.it\\\/es\\\/microsoft-anuncia-formalmente-windows-11\\\/\",\"url\":\"https:\\\/\\\/quike.it\\\/es\\\/microsoft-anuncia-formalmente-windows-11\\\/\",\"name\":\"Microsoft Anuncia Formalmente Windows 11 - Enrique V\u00e1squez - BLOG\",\"isPartOf\":{\"@id\":\"https:\\\/\\\/quike.it\\\/es\\\/#website\"},\"primaryImageOfPage\":{\"@id\":\"https:\\\/\\\/quike.it\\\/es\\\/microsoft-anuncia-formalmente-windows-11\\\/#primaryimage\"},\"image\":{\"@id\":\"https:\\\/\\\/quike.it\\\/es\\\/microsoft-anuncia-formalmente-windows-11\\\/#primaryimage\"},\"thumbnailUrl\":\"https:\\\/\\\/quike.it\\\/es\\\/wp-content\\\/uploads\\\/sites\\\/3\\\/2021\\\/06\\\/windows_111.png\",\"datePublished\":\"2021-06-24T17:51:33+00:00\",\"dateModified\":\"2021-06-24T18:26:28+00:00\",\"description\":\"Durante el evento, los ejecutivos de Microsoft revelaron lo que Windows 11 traer\u00e1 nuevas caracter\u00edsticas para los clientes, un objetivo...\",\"breadcrumb\":{\"@id\":\"https:\\\/\\\/quike.it\\\/es\\\/microsoft-anuncia-formalmente-windows-11\\\/#breadcrumb\"},\"inLanguage\":\"es\",\"potentialAction\":[{\"@type\":\"ReadAction\",\"target\":[\"https:\\\/\\\/quike.it\\\/es\\\/microsoft-anuncia-formalmente-windows-11\\\/\"]}]},{\"@type\":\"ImageObject\",\"inLanguage\":\"es\",\"@id\":\"https:\\\/\\\/quike.it\\\/es\\\/microsoft-anuncia-formalmente-windows-11\\\/#primaryimage\",\"url\":\"https:\\\/\\\/quike.it\\\/es\\\/wp-content\\\/uploads\\\/sites\\\/3\\\/2021\\\/06\\\/windows_111.png\",\"contentUrl\":\"https:\\\/\\\/quike.it\\\/es\\\/wp-content\\\/uploads\\\/sites\\\/3\\\/2021\\\/06\\\/windows_111.png\",\"width\":747,\"height\":420,\"caption\":\"windows 11\"},{\"@type\":\"BreadcrumbList\",\"@id\":\"https:\\\/\\\/quike.it\\\/es\\\/microsoft-anuncia-formalmente-windows-11\\\/#breadcrumb\",\"itemListElement\":[{\"@type\":\"ListItem\",\"position\":1,\"name\":\"Inicio\",\"item\":\"https:\\\/\\\/quike.it\\\/es\\\/\"},{\"@type\":\"ListItem\",\"position\":2,\"name\":\"Inform\u00e1tica\",\"item\":\"https:\\\/\\\/quike.it\\\/es\\\/category\\\/informatica\\\/\"},{\"@type\":\"ListItem\",\"position\":3,\"name\":\"Microsoft Anuncia Formalmente Windows 11\"}]},{\"@type\":\"WebSite\",\"@id\":\"https:\\\/\\\/quike.it\\\/es\\\/#website\",\"url\":\"https:\\\/\\\/quike.it\\\/es\\\/\",\"name\":\"El BLOG de Enrique V\u00e1squez B.\",\"description\":\"\",\"publisher\":{\"@id\":\"https:\\\/\\\/quike.it\\\/es\\\/#\\\/schema\\\/person\\\/e53c62e8ab2e3f878e77d3a617483cc8\"},\"potentialAction\":[{\"@type\":\"SearchAction\",\"target\":{\"@type\":\"EntryPoint\",\"urlTemplate\":\"https:\\\/\\\/quike.it\\\/es\\\/?s={search_term_string}\"},\"query-input\":{\"@type\":\"PropertyValueSpecification\",\"valueRequired\":true,\"valueName\":\"search_term_string\"}}],\"inLanguage\":\"es\"},{\"@type\":[\"Person\",\"Organization\"],\"@id\":\"https:\\\/\\\/quike.it\\\/es\\\/#\\\/schema\\\/person\\\/e53c62e8ab2e3f878e77d3a617483cc8\",\"name\":\"Enrique V\u00e1squez B.\",\"image\":{\"@type\":\"ImageObject\",\"inLanguage\":\"es\",\"@id\":\"https:\\\/\\\/quike.it\\\/es\\\/wp-content\\\/uploads\\\/sites\\\/3\\\/2021\\\/02\\\/me.png\",\"url\":\"https:\\\/\\\/quike.it\\\/es\\\/wp-content\\\/uploads\\\/sites\\\/3\\\/2021\\\/02\\\/me.png\",\"contentUrl\":\"https:\\\/\\\/quike.it\\\/es\\\/wp-content\\\/uploads\\\/sites\\\/3\\\/2021\\\/02\\\/me.png\",\"width\":512,\"height\":512,\"caption\":\"Enrique V\u00e1squez B.\"},\"logo\":{\"@id\":\"https:\\\/\\\/quike.it\\\/es\\\/wp-content\\\/uploads\\\/sites\\\/3\\\/2021\\\/02\\\/me.png\"},\"description\":\"Programador desde 1988, con pasi\u00f3n por escribir art\u00edculos de todo tipo. Actualmente desarrolla para ZEVEN S.A. el Sistema de Facturaci\u00f3n Electr\u00f3nica. Ecuatoriano de nacimiento e italiano de residencia, escribe desde G\u00e9nova, ciudad que ha llegado a amar tanto como su natal Guayaquil. Padre de dos hijos que son su orgullo y esposo de una mujer excepcional.\",\"sameAs\":[\"https:\\\/\\\/quike.it\",\"https:\\\/\\\/www.facebook.com\\\/zeven.sa.1\",\"https:\\\/\\\/www.instagram.com\\\/quikev1974\",\"https:\\\/\\\/www.linkedin.com\\\/in\\\/carlos-enrique-vasquez-bautista-074893b\\\/\",\"https:\\\/\\\/x.com\\\/quike1974\"],\"url\":\"https:\\\/\\\/quike.it\\\/es\\\/author\\\/quike\\\/\"}]}<\/script>\n<!-- \/ Yoast SEO plugin. -->","yoast_head_json":{"title":"Microsoft Anuncia Formalmente Windows 11 - Enrique V\u00e1squez - BLOG","description":"Durante el evento, los ejecutivos de Microsoft revelaron lo que Windows 11 traer\u00e1 nuevas caracter\u00edsticas para los clientes, un objetivo...","robots":{"index":"index","follow":"follow","max-snippet":"max-snippet:-1","max-image-preview":"max-image-preview:large","max-video-preview":"max-video-preview:-1"},"canonical":"https:\/\/quike.it\/es\/microsoft-anuncia-formalmente-windows-11\/","og_locale":"es_ES","og_type":"article","og_title":"Microsoft Anuncia Formalmente Windows 11 - Enrique V\u00e1squez - BLOG","og_description":"Durante el evento, los ejecutivos de Microsoft revelaron lo que Windows 11 traer\u00e1 nuevas caracter\u00edsticas para los clientes, un objetivo...","og_url":"https:\/\/quike.it\/es\/microsoft-anuncia-formalmente-windows-11\/","og_site_name":"El BLOG de Enrique V\u00e1squez B.","article_publisher":"https:\/\/www.facebook.com\/zeven.sa.1","article_author":"https:\/\/www.facebook.com\/zeven.sa.1","article_published_time":"2021-06-24T17:51:33+00:00","article_modified_time":"2021-06-24T18:26:28+00:00","og_image":[{"width":747,"height":420,"url":"https:\/\/quike.it\/es\/wp-content\/uploads\/sites\/3\/2021\/06\/windows_111.png","type":"image\/png"}],"author":"Enrique V\u00e1squez B.","twitter_card":"summary_large_image","twitter_creator":"@quike1974","twitter_site":"@quike1974","twitter_misc":{"Escrito por":"Enrique V\u00e1squez B.","Tiempo de lectura":"4 minutos"},"schema":{"@context":"https:\/\/schema.org","@graph":[{"@type":"Article","@id":"https:\/\/quike.it\/es\/microsoft-anuncia-formalmente-windows-11\/#article","isPartOf":{"@id":"https:\/\/quike.it\/es\/microsoft-anuncia-formalmente-windows-11\/"},"author":{"name":"Enrique V\u00e1squez B.","@id":"https:\/\/quike.it\/es\/#\/schema\/person\/e53c62e8ab2e3f878e77d3a617483cc8"},"headline":"Microsoft Anuncia Formalmente Windows 11","datePublished":"2021-06-24T17:51:33+00:00","dateModified":"2021-06-24T18:26:28+00:00","mainEntityOfPage":{"@id":"https:\/\/quike.it\/es\/microsoft-anuncia-formalmente-windows-11\/"},"wordCount":617,"commentCount":0,"publisher":{"@id":"https:\/\/quike.it\/es\/#\/schema\/person\/e53c62e8ab2e3f878e77d3a617483cc8"},"image":{"@id":"https:\/\/quike.it\/es\/microsoft-anuncia-formalmente-windows-11\/#primaryimage"},"thumbnailUrl":"https:\/\/quike.it\/es\/wp-content\/uploads\/sites\/3\/2021\/06\/windows_111.png","articleSection":["Inform\u00e1tica","Sistemas Operativos","Windows"],"inLanguage":"es","potentialAction":[{"@type":"CommentAction","name":"Comment","target":["https:\/\/quike.it\/es\/microsoft-anuncia-formalmente-windows-11\/#respond"]}]},{"@type":["WebPage","ItemPage"],"@id":"https:\/\/quike.it\/es\/microsoft-anuncia-formalmente-windows-11\/","url":"https:\/\/quike.it\/es\/microsoft-anuncia-formalmente-windows-11\/","name":"Microsoft Anuncia Formalmente Windows 11 - Enrique V\u00e1squez - BLOG","isPartOf":{"@id":"https:\/\/quike.it\/es\/#website"},"primaryImageOfPage":{"@id":"https:\/\/quike.it\/es\/microsoft-anuncia-formalmente-windows-11\/#primaryimage"},"image":{"@id":"https:\/\/quike.it\/es\/microsoft-anuncia-formalmente-windows-11\/#primaryimage"},"thumbnailUrl":"https:\/\/quike.it\/es\/wp-content\/uploads\/sites\/3\/2021\/06\/windows_111.png","datePublished":"2021-06-24T17:51:33+00:00","dateModified":"2021-06-24T18:26:28+00:00","description":"Durante el evento, los ejecutivos de Microsoft revelaron lo que Windows 11 traer\u00e1 nuevas caracter\u00edsticas para los clientes, un objetivo...","breadcrumb":{"@id":"https:\/\/quike.it\/es\/microsoft-anuncia-formalmente-windows-11\/#breadcrumb"},"inLanguage":"es","potentialAction":[{"@type":"ReadAction","target":["https:\/\/quike.it\/es\/microsoft-anuncia-formalmente-windows-11\/"]}]},{"@type":"ImageObject","inLanguage":"es","@id":"https:\/\/quike.it\/es\/microsoft-anuncia-formalmente-windows-11\/#primaryimage","url":"https:\/\/quike.it\/es\/wp-content\/uploads\/sites\/3\/2021\/06\/windows_111.png","contentUrl":"https:\/\/quike.it\/es\/wp-content\/uploads\/sites\/3\/2021\/06\/windows_111.png","width":747,"height":420,"caption":"windows 11"},{"@type":"BreadcrumbList","@id":"https:\/\/quike.it\/es\/microsoft-anuncia-formalmente-windows-11\/#breadcrumb","itemListElement":[{"@type":"ListItem","position":1,"name":"Inicio","item":"https:\/\/quike.it\/es\/"},{"@type":"ListItem","position":2,"name":"Inform\u00e1tica","item":"https:\/\/quike.it\/es\/category\/informatica\/"},{"@type":"ListItem","position":3,"name":"Microsoft Anuncia Formalmente Windows 11"}]},{"@type":"WebSite","@id":"https:\/\/quike.it\/es\/#website","url":"https:\/\/quike.it\/es\/","name":"El BLOG de Enrique V\u00e1squez B.","description":"","publisher":{"@id":"https:\/\/quike.it\/es\/#\/schema\/person\/e53c62e8ab2e3f878e77d3a617483cc8"},"potentialAction":[{"@type":"SearchAction","target":{"@type":"EntryPoint","urlTemplate":"https:\/\/quike.it\/es\/?s={search_term_string}"},"query-input":{"@type":"PropertyValueSpecification","valueRequired":true,"valueName":"search_term_string"}}],"inLanguage":"es"},{"@type":["Person","Organization"],"@id":"https:\/\/quike.it\/es\/#\/schema\/person\/e53c62e8ab2e3f878e77d3a617483cc8","name":"Enrique V\u00e1squez B.","image":{"@type":"ImageObject","inLanguage":"es","@id":"https:\/\/quike.it\/es\/wp-content\/uploads\/sites\/3\/2021\/02\/me.png","url":"https:\/\/quike.it\/es\/wp-content\/uploads\/sites\/3\/2021\/02\/me.png","contentUrl":"https:\/\/quike.it\/es\/wp-content\/uploads\/sites\/3\/2021\/02\/me.png","width":512,"height":512,"caption":"Enrique V\u00e1squez B."},"logo":{"@id":"https:\/\/quike.it\/es\/wp-content\/uploads\/sites\/3\/2021\/02\/me.png"},"description":"Programador desde 1988, con pasi\u00f3n por escribir art\u00edculos de todo tipo. Actualmente desarrolla para ZEVEN S.A. el Sistema de Facturaci\u00f3n Electr\u00f3nica. Ecuatoriano de nacimiento e italiano de residencia, escribe desde G\u00e9nova, ciudad que ha llegado a amar tanto como su natal Guayaquil. Padre de dos hijos que son su orgullo y esposo de una mujer excepcional.","sameAs":["https:\/\/quike.it","https:\/\/www.facebook.com\/zeven.sa.1","https:\/\/www.instagram.com\/quikev1974","https:\/\/www.linkedin.com\/in\/carlos-enrique-vasquez-bautista-074893b\/","https:\/\/x.com\/quike1974"],"url":"https:\/\/quike.it\/es\/author\/quike\/"}]}},"_links":{"self":[{"href":"https:\/\/quike.it\/es\/wp-json\/wp\/v2\/posts\/6993","targetHints":{"allow":["GET"]}}],"collection":[{"href":"https:\/\/quike.it\/es\/wp-json\/wp\/v2\/posts"}],"about":[{"href":"https:\/\/quike.it\/es\/wp-json\/wp\/v2\/types\/post"}],"author":[{"embeddable":true,"href":"https:\/\/quike.it\/es\/wp-json\/wp\/v2\/users\/2"}],"replies":[{"embeddable":true,"href":"https:\/\/quike.it\/es\/wp-json\/wp\/v2\/comments?post=6993"}],"version-history":[{"count":31,"href":"https:\/\/quike.it\/es\/wp-json\/wp\/v2\/posts\/6993\/revisions"}],"predecessor-version":[{"id":7027,"href":"https:\/\/quike.it\/es\/wp-json\/wp\/v2\/posts\/6993\/revisions\/7027"}],"wp:featuredmedia":[{"embeddable":true,"href":"https:\/\/quike.it\/es\/wp-json\/wp\/v2\/media\/7028"}],"wp:attachment":[{"href":"https:\/\/quike.it\/es\/wp-json\/wp\/v2\/media?parent=6993"}],"wp:term":[{"taxonomy":"category","embeddable":true,"href":"https:\/\/quike.it\/es\/wp-json\/wp\/v2\/categories?post=6993"},{"taxonomy":"post_tag","embeddable":true,"href":"https:\/\/quike.it\/es\/wp-json\/wp\/v2\/tags?post=6993"}],"curies":[{"name":"wp","href":"https:\/\/api.w.org\/{rel}","templated":true}]}}