{"id":7787,"date":"2021-07-14T15:40:51","date_gmt":"2021-07-14T14:40:51","guid":{"rendered":"https:\/\/quike.it\/es\/?p=7787"},"modified":"2021-07-14T15:40:52","modified_gmt":"2021-07-14T14:40:52","slug":"sri-amplia-plazo-presentacion-anexos-tributarios","status":"publish","type":"post","link":"https:\/\/quike.it\/es\/sri-amplia-plazo-presentacion-anexos-tributarios\/","title":{"rendered":"SRI Ampl\u00eda Plazo Presentaci\u00f3n Anexos Tributarios"},"content":{"rendered":"\t\t<div data-elementor-type=\"wp-post\" data-elementor-id=\"7787\" class=\"elementor elementor-7787\" data-elementor-post-type=\"post\">\n\t\t\t\t\t\t<section class=\"elementor-section elementor-top-section elementor-element elementor-element-de354ef elementor-section-boxed elementor-section-height-default elementor-section-height-default\" data-id=\"de354ef\" data-element_type=\"section\" data-e-type=\"section\">\n\t\t\t\t\t\t<div class=\"elementor-container elementor-column-gap-default\">\n\t\t\t\t\t<div class=\"elementor-column elementor-col-100 elementor-top-column elementor-element elementor-element-66d2d4d\" data-id=\"66d2d4d\" data-element_type=\"column\" data-e-type=\"column\">\n\t\t\t<div class=\"elementor-widget-wrap elementor-element-populated\">\n\t\t\t\t\t\t<div class=\"elementor-element elementor-element-3202dd1 elementor-widget elementor-widget-text-editor\" data-id=\"3202dd1\" data-element_type=\"widget\" data-e-type=\"widget\" data-widget_type=\"text-editor.default\">\n\t\t\t\t\t\t\t\t\t<p>Debido a causas ajenas al <strong>Servicio de Rentas Internas<\/strong> que han generado intermitencias en su plataforma tecnol\u00f3gica, mediante <strong>RESOLUCI\u00d3N Nro. <a href=\"https:\/\/quike.it\/es\/wp-content\/uploads\/sites\/3\/2021\/07\/NAC-DGERCGC21-00000034.pdf\" target=\"_blank\" rel=\"noopener\">NAC-DGERCGC21-00000034<\/a><\/strong> se ampl\u00edan los plazos para la presentaci\u00f3n de anexos y declaraciones de aquellos contribuyentes cuyo noveno d\u00edgito del <strong>Registro \u00danico de Contribuyentes (RUC)<\/strong> sea <strong>1, 2, 3 o 4<\/strong>, quienes por \u00fanica vez podr\u00e1n cumplir dichas obligaciones seg\u00fan el siguiente calendario:<\/p>\t\t\t\t\t\t\t\t<\/div>\n\t\t\t\t<div class=\"elementor-element elementor-element-645e906 elementor-widget elementor-widget-image\" data-id=\"645e906\" data-element_type=\"widget\" data-e-type=\"widget\" data-widget_type=\"image.default\">\n\t\t\t\t\t\t\t\t\t\t\t\t\t\t\t<img fetchpriority=\"high\" decoding=\"async\" width=\"800\" height=\"101\" src=\"https:\/\/quike.it\/es\/wp-content\/uploads\/sites\/3\/2021\/07\/blog_591-1024x129.png\" class=\"attachment-large size-large wp-image-7789\" alt=\"Plazo Presentaci\u00f3n Anexos Tributarios\" srcset=\"https:\/\/quike.it\/es\/wp-content\/uploads\/sites\/3\/2021\/07\/blog_591-1024x129.png 1024w, https:\/\/quike.it\/es\/wp-content\/uploads\/sites\/3\/2021\/07\/blog_591-300x38.png 300w, https:\/\/quike.it\/es\/wp-content\/uploads\/sites\/3\/2021\/07\/blog_591-768x97.png 768w, https:\/\/quike.it\/es\/wp-content\/uploads\/sites\/3\/2021\/07\/blog_591.png 1279w\" sizes=\"(max-width: 800px) 100vw, 800px\" \/>\t\t\t\t\t\t\t\t\t\t\t\t\t\t\t<\/div>\n\t\t\t\t<div class=\"elementor-element elementor-element-9329873 elementor-widget elementor-widget-text-editor\" data-id=\"9329873\" data-element_type=\"widget\" data-e-type=\"widget\" data-widget_type=\"text-editor.default\">\n\t\t\t\t\t\t\t\t\t<p>La <strong>RESOLUCI\u00d3N Nro. <a href=\"https:\/\/quike.it\/es\/wp-content\/uploads\/sites\/3\/2021\/07\/NAC-DGERCGC21-00000034.pdf\" target=\"_blank\" rel=\"noopener\">NAC-DGERCGC21-00000034<\/a><\/strong> entra en vigor a partir de su suscripci\u00f3n, sin perjuicio de su publicaci\u00f3n en el <a href=\"https:\/\/es.wikipedia.org\/wiki\/Registro_Oficial_de_Ecuador\" target=\"_blank\" rel=\"noopener\"><strong>Registro Oficial<\/strong><\/a> y en la <strong>Gaceta Tributaria<\/strong>.<\/p>\t\t\t\t\t\t\t\t<\/div>\n\t\t\t\t\t<\/div>\n\t\t<\/div>\n\t\t\t\t\t<\/div>\n\t\t<\/section>\n\t\t\t\t<\/div>\n\t\t","protected":false},"excerpt":{"rendered":"<p>Debido a causas ajenas al Servicio de Rentas Internas que han generado intermitencias en su plataforma tecnol\u00f3gica, mediante RESOLUCI\u00d3N Nro. NAC-DGERCGC21-00000034 se ampl\u00edan los plazos para la presentaci\u00f3n de anexos y declaraciones de aquellos contribuyentes cuyo noveno d\u00edgito del Registro \u00danico de Contribuyentes (RUC) sea 1, 2, 3 o 4, quienes por \u00fanica vez podr\u00e1n [&hellip;]<\/p>\n","protected":false},"author":2,"featured_media":7786,"comment_status":"open","ping_status":"open","sticky":false,"template":"","format":"standard","meta":{"_monsterinsights_skip_tracking":false,"_monsterinsights_sitenote_active":false,"_monsterinsights_sitenote_note":"","_monsterinsights_sitenote_category":0,"footnotes":""},"categories":[2,38],"tags":[],"class_list":["post-7787","post","type-post","status-publish","format-standard","has-post-thumbnail","hentry","category-general","category-tributario"],"yoast_head":"<!-- This site is optimized with the Yoast SEO plugin v27.5 - https:\/\/yoast.com\/product\/yoast-seo-wordpress\/ -->\n<title>SRI Ampl\u00eda Plazo Presentaci\u00f3n Anexos Tributarios - Enrique V\u00e1squez -<\/title>\n<meta name=\"description\" content=\"...mediante RESOLUCI\u00d3N NAC-DGERCGC21-00000034 se ampl\u00edan el Plazo Presentaci\u00f3n Anexos Tributarios y declaraciones de contribuyentes cuyo...\" \/>\n<meta name=\"robots\" content=\"index, follow, max-snippet:-1, max-image-preview:large, max-video-preview:-1\" \/>\n<link rel=\"canonical\" href=\"https:\/\/quike.it\/es\/sri-amplia-plazo-presentacion-anexos-tributarios\/\" \/>\n<meta property=\"og:locale\" content=\"es_ES\" \/>\n<meta property=\"og:type\" content=\"article\" \/>\n<meta property=\"og:title\" content=\"SRI Ampl\u00eda Plazo Presentaci\u00f3n Anexos Tributarios - Enrique V\u00e1squez -\" \/>\n<meta property=\"og:description\" content=\"...mediante RESOLUCI\u00d3N NAC-DGERCGC21-00000034 se ampl\u00edan el Plazo Presentaci\u00f3n Anexos Tributarios y declaraciones de contribuyentes cuyo...\" \/>\n<meta property=\"og:url\" content=\"https:\/\/quike.it\/es\/sri-amplia-plazo-presentacion-anexos-tributarios\/\" \/>\n<meta property=\"og:site_name\" content=\"El BLOG de Enrique V\u00e1squez B.\" \/>\n<meta property=\"article:publisher\" content=\"https:\/\/www.facebook.com\/zeven.sa.1\" \/>\n<meta property=\"article:author\" content=\"https:\/\/www.facebook.com\/zeven.sa.1\" \/>\n<meta property=\"article:published_time\" content=\"2021-07-14T14:40:51+00:00\" \/>\n<meta property=\"article:modified_time\" content=\"2021-07-14T14:40:52+00:00\" \/>\n<meta property=\"og:image\" content=\"https:\/\/quike.it\/es\/wp-content\/uploads\/sites\/3\/2021\/07\/sri_post.jpg\" \/>\n\t<meta property=\"og:image:width\" content=\"640\" \/>\n\t<meta property=\"og:image:height\" content=\"367\" \/>\n\t<meta property=\"og:image:type\" content=\"image\/jpeg\" \/>\n<meta name=\"author\" content=\"Enrique V\u00e1squez B.\" \/>\n<meta name=\"twitter:card\" content=\"summary_large_image\" \/>\n<meta name=\"twitter:creator\" content=\"@quike1974\" \/>\n<meta name=\"twitter:site\" content=\"@quike1974\" \/>\n<meta name=\"twitter:label1\" content=\"Escrito por\" \/>\n\t<meta name=\"twitter:data1\" content=\"Enrique V\u00e1squez B.\" \/>\n\t<meta name=\"twitter:label2\" content=\"Tiempo de lectura\" \/>\n\t<meta name=\"twitter:data2\" content=\"1 minuto\" \/>\n<script type=\"application\/ld+json\" class=\"yoast-schema-graph\">{\"@context\":\"https:\\\/\\\/schema.org\",\"@graph\":[{\"@type\":\"Article\",\"@id\":\"https:\\\/\\\/quike.it\\\/es\\\/sri-amplia-plazo-presentacion-anexos-tributarios\\\/#article\",\"isPartOf\":{\"@id\":\"https:\\\/\\\/quike.it\\\/es\\\/sri-amplia-plazo-presentacion-anexos-tributarios\\\/\"},\"author\":{\"name\":\"Enrique V\u00e1squez B.\",\"@id\":\"https:\\\/\\\/quike.it\\\/es\\\/#\\\/schema\\\/person\\\/e53c62e8ab2e3f878e77d3a617483cc8\"},\"headline\":\"SRI Ampl\u00eda Plazo Presentaci\u00f3n Anexos Tributarios\",\"datePublished\":\"2021-07-14T14:40:51+00:00\",\"dateModified\":\"2021-07-14T14:40:52+00:00\",\"mainEntityOfPage\":{\"@id\":\"https:\\\/\\\/quike.it\\\/es\\\/sri-amplia-plazo-presentacion-anexos-tributarios\\\/\"},\"wordCount\":104,\"commentCount\":0,\"publisher\":{\"@id\":\"https:\\\/\\\/quike.it\\\/es\\\/#\\\/schema\\\/person\\\/e53c62e8ab2e3f878e77d3a617483cc8\"},\"image\":{\"@id\":\"https:\\\/\\\/quike.it\\\/es\\\/sri-amplia-plazo-presentacion-anexos-tributarios\\\/#primaryimage\"},\"thumbnailUrl\":\"https:\\\/\\\/quike.it\\\/es\\\/wp-content\\\/uploads\\\/sites\\\/3\\\/2021\\\/07\\\/sri_post.jpg\",\"articleSection\":[\"General\",\"Tributario\"],\"inLanguage\":\"es\",\"potentialAction\":[{\"@type\":\"CommentAction\",\"name\":\"Comment\",\"target\":[\"https:\\\/\\\/quike.it\\\/es\\\/sri-amplia-plazo-presentacion-anexos-tributarios\\\/#respond\"]}]},{\"@type\":[\"WebPage\",\"ItemPage\"],\"@id\":\"https:\\\/\\\/quike.it\\\/es\\\/sri-amplia-plazo-presentacion-anexos-tributarios\\\/\",\"url\":\"https:\\\/\\\/quike.it\\\/es\\\/sri-amplia-plazo-presentacion-anexos-tributarios\\\/\",\"name\":\"SRI Ampl\u00eda Plazo Presentaci\u00f3n Anexos Tributarios - Enrique V\u00e1squez -\",\"isPartOf\":{\"@id\":\"https:\\\/\\\/quike.it\\\/es\\\/#website\"},\"primaryImageOfPage\":{\"@id\":\"https:\\\/\\\/quike.it\\\/es\\\/sri-amplia-plazo-presentacion-anexos-tributarios\\\/#primaryimage\"},\"image\":{\"@id\":\"https:\\\/\\\/quike.it\\\/es\\\/sri-amplia-plazo-presentacion-anexos-tributarios\\\/#primaryimage\"},\"thumbnailUrl\":\"https:\\\/\\\/quike.it\\\/es\\\/wp-content\\\/uploads\\\/sites\\\/3\\\/2021\\\/07\\\/sri_post.jpg\",\"datePublished\":\"2021-07-14T14:40:51+00:00\",\"dateModified\":\"2021-07-14T14:40:52+00:00\",\"description\":\"...mediante RESOLUCI\u00d3N NAC-DGERCGC21-00000034 se ampl\u00edan el Plazo Presentaci\u00f3n Anexos Tributarios y declaraciones de contribuyentes cuyo...\",\"breadcrumb\":{\"@id\":\"https:\\\/\\\/quike.it\\\/es\\\/sri-amplia-plazo-presentacion-anexos-tributarios\\\/#breadcrumb\"},\"inLanguage\":\"es\",\"potentialAction\":[{\"@type\":\"ReadAction\",\"target\":[\"https:\\\/\\\/quike.it\\\/es\\\/sri-amplia-plazo-presentacion-anexos-tributarios\\\/\"]}]},{\"@type\":\"ImageObject\",\"inLanguage\":\"es\",\"@id\":\"https:\\\/\\\/quike.it\\\/es\\\/sri-amplia-plazo-presentacion-anexos-tributarios\\\/#primaryimage\",\"url\":\"https:\\\/\\\/quike.it\\\/es\\\/wp-content\\\/uploads\\\/sites\\\/3\\\/2021\\\/07\\\/sri_post.jpg\",\"contentUrl\":\"https:\\\/\\\/quike.it\\\/es\\\/wp-content\\\/uploads\\\/sites\\\/3\\\/2021\\\/07\\\/sri_post.jpg\",\"width\":640,\"height\":367},{\"@type\":\"BreadcrumbList\",\"@id\":\"https:\\\/\\\/quike.it\\\/es\\\/sri-amplia-plazo-presentacion-anexos-tributarios\\\/#breadcrumb\",\"itemListElement\":[{\"@type\":\"ListItem\",\"position\":1,\"name\":\"Inicio\",\"item\":\"https:\\\/\\\/quike.it\\\/es\\\/\"},{\"@type\":\"ListItem\",\"position\":2,\"name\":\"General\",\"item\":\"https:\\\/\\\/quike.it\\\/es\\\/category\\\/general\\\/\"},{\"@type\":\"ListItem\",\"position\":3,\"name\":\"SRI Ampl\u00eda Plazo Presentaci\u00f3n Anexos Tributarios\"}]},{\"@type\":\"WebSite\",\"@id\":\"https:\\\/\\\/quike.it\\\/es\\\/#website\",\"url\":\"https:\\\/\\\/quike.it\\\/es\\\/\",\"name\":\"El BLOG de Enrique V\u00e1squez B.\",\"description\":\"\",\"publisher\":{\"@id\":\"https:\\\/\\\/quike.it\\\/es\\\/#\\\/schema\\\/person\\\/e53c62e8ab2e3f878e77d3a617483cc8\"},\"potentialAction\":[{\"@type\":\"SearchAction\",\"target\":{\"@type\":\"EntryPoint\",\"urlTemplate\":\"https:\\\/\\\/quike.it\\\/es\\\/?s={search_term_string}\"},\"query-input\":{\"@type\":\"PropertyValueSpecification\",\"valueRequired\":true,\"valueName\":\"search_term_string\"}}],\"inLanguage\":\"es\"},{\"@type\":[\"Person\",\"Organization\"],\"@id\":\"https:\\\/\\\/quike.it\\\/es\\\/#\\\/schema\\\/person\\\/e53c62e8ab2e3f878e77d3a617483cc8\",\"name\":\"Enrique V\u00e1squez B.\",\"image\":{\"@type\":\"ImageObject\",\"inLanguage\":\"es\",\"@id\":\"https:\\\/\\\/quike.it\\\/es\\\/wp-content\\\/uploads\\\/sites\\\/3\\\/2021\\\/02\\\/me.png\",\"url\":\"https:\\\/\\\/quike.it\\\/es\\\/wp-content\\\/uploads\\\/sites\\\/3\\\/2021\\\/02\\\/me.png\",\"contentUrl\":\"https:\\\/\\\/quike.it\\\/es\\\/wp-content\\\/uploads\\\/sites\\\/3\\\/2021\\\/02\\\/me.png\",\"width\":512,\"height\":512,\"caption\":\"Enrique V\u00e1squez B.\"},\"logo\":{\"@id\":\"https:\\\/\\\/quike.it\\\/es\\\/wp-content\\\/uploads\\\/sites\\\/3\\\/2021\\\/02\\\/me.png\"},\"description\":\"Programador desde 1988, con pasi\u00f3n por escribir art\u00edculos de todo tipo. Actualmente desarrolla para ZEVEN S.A. el Sistema de Facturaci\u00f3n Electr\u00f3nica. Ecuatoriano de nacimiento e italiano de residencia, escribe desde G\u00e9nova, ciudad que ha llegado a amar tanto como su natal Guayaquil. Padre de dos hijos que son su orgullo y esposo de una mujer excepcional.\",\"sameAs\":[\"https:\\\/\\\/quike.it\",\"https:\\\/\\\/www.facebook.com\\\/zeven.sa.1\",\"https:\\\/\\\/www.instagram.com\\\/quikev1974\",\"https:\\\/\\\/www.linkedin.com\\\/in\\\/carlos-enrique-vasquez-bautista-074893b\\\/\",\"https:\\\/\\\/x.com\\\/quike1974\"],\"url\":\"https:\\\/\\\/quike.it\\\/es\\\/author\\\/quike\\\/\"}]}<\/script>\n<!-- \/ Yoast SEO plugin. -->","yoast_head_json":{"title":"SRI Ampl\u00eda Plazo Presentaci\u00f3n Anexos Tributarios - Enrique V\u00e1squez -","description":"...mediante RESOLUCI\u00d3N NAC-DGERCGC21-00000034 se ampl\u00edan el Plazo Presentaci\u00f3n Anexos Tributarios y declaraciones de contribuyentes cuyo...","robots":{"index":"index","follow":"follow","max-snippet":"max-snippet:-1","max-image-preview":"max-image-preview:large","max-video-preview":"max-video-preview:-1"},"canonical":"https:\/\/quike.it\/es\/sri-amplia-plazo-presentacion-anexos-tributarios\/","og_locale":"es_ES","og_type":"article","og_title":"SRI Ampl\u00eda Plazo Presentaci\u00f3n Anexos Tributarios - Enrique V\u00e1squez -","og_description":"...mediante RESOLUCI\u00d3N NAC-DGERCGC21-00000034 se ampl\u00edan el Plazo Presentaci\u00f3n Anexos Tributarios y declaraciones de contribuyentes cuyo...","og_url":"https:\/\/quike.it\/es\/sri-amplia-plazo-presentacion-anexos-tributarios\/","og_site_name":"El BLOG de Enrique V\u00e1squez B.","article_publisher":"https:\/\/www.facebook.com\/zeven.sa.1","article_author":"https:\/\/www.facebook.com\/zeven.sa.1","article_published_time":"2021-07-14T14:40:51+00:00","article_modified_time":"2021-07-14T14:40:52+00:00","og_image":[{"width":640,"height":367,"url":"https:\/\/quike.it\/es\/wp-content\/uploads\/sites\/3\/2021\/07\/sri_post.jpg","type":"image\/jpeg"}],"author":"Enrique V\u00e1squez B.","twitter_card":"summary_large_image","twitter_creator":"@quike1974","twitter_site":"@quike1974","twitter_misc":{"Escrito por":"Enrique V\u00e1squez B.","Tiempo de lectura":"1 minuto"},"schema":{"@context":"https:\/\/schema.org","@graph":[{"@type":"Article","@id":"https:\/\/quike.it\/es\/sri-amplia-plazo-presentacion-anexos-tributarios\/#article","isPartOf":{"@id":"https:\/\/quike.it\/es\/sri-amplia-plazo-presentacion-anexos-tributarios\/"},"author":{"name":"Enrique V\u00e1squez B.","@id":"https:\/\/quike.it\/es\/#\/schema\/person\/e53c62e8ab2e3f878e77d3a617483cc8"},"headline":"SRI Ampl\u00eda Plazo Presentaci\u00f3n Anexos Tributarios","datePublished":"2021-07-14T14:40:51+00:00","dateModified":"2021-07-14T14:40:52+00:00","mainEntityOfPage":{"@id":"https:\/\/quike.it\/es\/sri-amplia-plazo-presentacion-anexos-tributarios\/"},"wordCount":104,"commentCount":0,"publisher":{"@id":"https:\/\/quike.it\/es\/#\/schema\/person\/e53c62e8ab2e3f878e77d3a617483cc8"},"image":{"@id":"https:\/\/quike.it\/es\/sri-amplia-plazo-presentacion-anexos-tributarios\/#primaryimage"},"thumbnailUrl":"https:\/\/quike.it\/es\/wp-content\/uploads\/sites\/3\/2021\/07\/sri_post.jpg","articleSection":["General","Tributario"],"inLanguage":"es","potentialAction":[{"@type":"CommentAction","name":"Comment","target":["https:\/\/quike.it\/es\/sri-amplia-plazo-presentacion-anexos-tributarios\/#respond"]}]},{"@type":["WebPage","ItemPage"],"@id":"https:\/\/quike.it\/es\/sri-amplia-plazo-presentacion-anexos-tributarios\/","url":"https:\/\/quike.it\/es\/sri-amplia-plazo-presentacion-anexos-tributarios\/","name":"SRI Ampl\u00eda Plazo Presentaci\u00f3n Anexos Tributarios - Enrique V\u00e1squez -","isPartOf":{"@id":"https:\/\/quike.it\/es\/#website"},"primaryImageOfPage":{"@id":"https:\/\/quike.it\/es\/sri-amplia-plazo-presentacion-anexos-tributarios\/#primaryimage"},"image":{"@id":"https:\/\/quike.it\/es\/sri-amplia-plazo-presentacion-anexos-tributarios\/#primaryimage"},"thumbnailUrl":"https:\/\/quike.it\/es\/wp-content\/uploads\/sites\/3\/2021\/07\/sri_post.jpg","datePublished":"2021-07-14T14:40:51+00:00","dateModified":"2021-07-14T14:40:52+00:00","description":"...mediante RESOLUCI\u00d3N NAC-DGERCGC21-00000034 se ampl\u00edan el Plazo Presentaci\u00f3n Anexos Tributarios y declaraciones de contribuyentes cuyo...","breadcrumb":{"@id":"https:\/\/quike.it\/es\/sri-amplia-plazo-presentacion-anexos-tributarios\/#breadcrumb"},"inLanguage":"es","potentialAction":[{"@type":"ReadAction","target":["https:\/\/quike.it\/es\/sri-amplia-plazo-presentacion-anexos-tributarios\/"]}]},{"@type":"ImageObject","inLanguage":"es","@id":"https:\/\/quike.it\/es\/sri-amplia-plazo-presentacion-anexos-tributarios\/#primaryimage","url":"https:\/\/quike.it\/es\/wp-content\/uploads\/sites\/3\/2021\/07\/sri_post.jpg","contentUrl":"https:\/\/quike.it\/es\/wp-content\/uploads\/sites\/3\/2021\/07\/sri_post.jpg","width":640,"height":367},{"@type":"BreadcrumbList","@id":"https:\/\/quike.it\/es\/sri-amplia-plazo-presentacion-anexos-tributarios\/#breadcrumb","itemListElement":[{"@type":"ListItem","position":1,"name":"Inicio","item":"https:\/\/quike.it\/es\/"},{"@type":"ListItem","position":2,"name":"General","item":"https:\/\/quike.it\/es\/category\/general\/"},{"@type":"ListItem","position":3,"name":"SRI Ampl\u00eda Plazo Presentaci\u00f3n Anexos Tributarios"}]},{"@type":"WebSite","@id":"https:\/\/quike.it\/es\/#website","url":"https:\/\/quike.it\/es\/","name":"El BLOG de Enrique V\u00e1squez B.","description":"","publisher":{"@id":"https:\/\/quike.it\/es\/#\/schema\/person\/e53c62e8ab2e3f878e77d3a617483cc8"},"potentialAction":[{"@type":"SearchAction","target":{"@type":"EntryPoint","urlTemplate":"https:\/\/quike.it\/es\/?s={search_term_string}"},"query-input":{"@type":"PropertyValueSpecification","valueRequired":true,"valueName":"search_term_string"}}],"inLanguage":"es"},{"@type":["Person","Organization"],"@id":"https:\/\/quike.it\/es\/#\/schema\/person\/e53c62e8ab2e3f878e77d3a617483cc8","name":"Enrique V\u00e1squez B.","image":{"@type":"ImageObject","inLanguage":"es","@id":"https:\/\/quike.it\/es\/wp-content\/uploads\/sites\/3\/2021\/02\/me.png","url":"https:\/\/quike.it\/es\/wp-content\/uploads\/sites\/3\/2021\/02\/me.png","contentUrl":"https:\/\/quike.it\/es\/wp-content\/uploads\/sites\/3\/2021\/02\/me.png","width":512,"height":512,"caption":"Enrique V\u00e1squez B."},"logo":{"@id":"https:\/\/quike.it\/es\/wp-content\/uploads\/sites\/3\/2021\/02\/me.png"},"description":"Programador desde 1988, con pasi\u00f3n por escribir art\u00edculos de todo tipo. Actualmente desarrolla para ZEVEN S.A. el Sistema de Facturaci\u00f3n Electr\u00f3nica. Ecuatoriano de nacimiento e italiano de residencia, escribe desde G\u00e9nova, ciudad que ha llegado a amar tanto como su natal Guayaquil. Padre de dos hijos que son su orgullo y esposo de una mujer excepcional.","sameAs":["https:\/\/quike.it","https:\/\/www.facebook.com\/zeven.sa.1","https:\/\/www.instagram.com\/quikev1974","https:\/\/www.linkedin.com\/in\/carlos-enrique-vasquez-bautista-074893b\/","https:\/\/x.com\/quike1974"],"url":"https:\/\/quike.it\/es\/author\/quike\/"}]}},"_links":{"self":[{"href":"https:\/\/quike.it\/es\/wp-json\/wp\/v2\/posts\/7787","targetHints":{"allow":["GET"]}}],"collection":[{"href":"https:\/\/quike.it\/es\/wp-json\/wp\/v2\/posts"}],"about":[{"href":"https:\/\/quike.it\/es\/wp-json\/wp\/v2\/types\/post"}],"author":[{"embeddable":true,"href":"https:\/\/quike.it\/es\/wp-json\/wp\/v2\/users\/2"}],"replies":[{"embeddable":true,"href":"https:\/\/quike.it\/es\/wp-json\/wp\/v2\/comments?post=7787"}],"version-history":[{"count":15,"href":"https:\/\/quike.it\/es\/wp-json\/wp\/v2\/posts\/7787\/revisions"}],"predecessor-version":[{"id":7804,"href":"https:\/\/quike.it\/es\/wp-json\/wp\/v2\/posts\/7787\/revisions\/7804"}],"wp:featuredmedia":[{"embeddable":true,"href":"https:\/\/quike.it\/es\/wp-json\/wp\/v2\/media\/7786"}],"wp:attachment":[{"href":"https:\/\/quike.it\/es\/wp-json\/wp\/v2\/media?parent=7787"}],"wp:term":[{"taxonomy":"category","embeddable":true,"href":"https:\/\/quike.it\/es\/wp-json\/wp\/v2\/categories?post=7787"},{"taxonomy":"post_tag","embeddable":true,"href":"https:\/\/quike.it\/es\/wp-json\/wp\/v2\/tags?post=7787"}],"curies":[{"name":"wp","href":"https:\/\/api.w.org\/{rel}","templated":true}]}}